{"id":2917,"date":"2024-06-16T07:00:00","date_gmt":"2024-06-16T07:00:00","guid":{"rendered":"https:\/\/qa.atrapasuenos.cl\/?p=2917"},"modified":"2024-06-14T19:56:50","modified_gmt":"2024-06-14T19:56:50","slug":"%f0%9f%a7%a1el-padre-y-la-salud-mental-de-los-hijos-un-vinculo-fundamental-para-el-bienestar-familiar%f0%9f%a7%a1","status":"publish","type":"post","link":"https:\/\/qa.atrapasuenos.cl\/?p=2917","title":{"rendered":"\ud83e\udde1El Padre y la Salud Mental de los hijos: Un v\u00ednculo fundamental para el bienestar familiar\ud83e\udde1"},"content":{"rendered":"<div class=\"wp-block-image\">\n<figure class=\"aligncenter size-large is-resized\"><a href=\"https:\/\/qa.atrapasuenos.cl\/wp-content\/uploads\/2024\/06\/Post-de-Instagram-dia-del-padre-moderno-azul-blanco.png\"><img loading=\"lazy\" decoding=\"async\" width=\"1030\" height=\"1030\" src=\"https:\/\/qa.atrapasuenos.cl\/wp-content\/uploads\/2024\/06\/Post-de-Instagram-dia-del-padre-moderno-azul-blanco-1030x1030.png\" alt=\"\" class=\"wp-image-2918\" style=\"width:381px;height:auto\" srcset=\"https:\/\/qa.atrapasuenos.cl\/wp-content\/uploads\/2024\/06\/Post-de-Instagram-dia-del-padre-moderno-azul-blanco-1030x1030.png 1030w, https:\/\/qa.atrapasuenos.cl\/wp-content\/uploads\/2024\/06\/Post-de-Instagram-dia-del-padre-moderno-azul-blanco-300x300.png 300w, https:\/\/qa.atrapasuenos.cl\/wp-content\/uploads\/2024\/06\/Post-de-Instagram-dia-del-padre-moderno-azul-blanco-80x80.png 80w, https:\/\/qa.atrapasuenos.cl\/wp-content\/uploads\/2024\/06\/Post-de-Instagram-dia-del-padre-moderno-azul-blanco-768x768.png 768w, https:\/\/qa.atrapasuenos.cl\/wp-content\/uploads\/2024\/06\/Post-de-Instagram-dia-del-padre-moderno-azul-blanco.png 1080w\" sizes=\"auto, (max-width: 1030px) 100vw, 1030px\" \/><\/a><\/figure><\/div>\n\n\n<p>En este D\u00eda del Padre, desde Atrapasue\u00f1os hacemos un llamado a reflexionar sobre la importancia de la Salud Mental de los padres y su impacto en el desarrollo emocional de los hijos e hijas.<\/p>\n\n\n\n<p>En el marco del D\u00eda del Padre, que se celebra este domingo 16 de junio, hacemos un llamado a la comunidad a reflexionar sobre el papel fundamental que juegan los padres en el desarrollo emocional de sus hijos e hijas y la importancia de cuidar su propia Salud Mental.\ud83e\udde1<\/p>\n\n\n\n<p>M\u00e1s all\u00e1 de regalos y celebraciones, este d\u00eda es una oportunidad para reconocer la influencia que tienen los padres en la Salud Mental y el bienestar emocional de sus hijos e hijas. La calidad del v\u00ednculo afectivo que se establece entre padres e hijos durante la infancia y la adolescencia tiene un impacto duradero en la autoestima, la capacidad de regulaci\u00f3n emocional, las habilidades sociales y la resiliencia de los ni\u00f1os y ni\u00f1as.<\/p>\n\n\n\n<p>Los padres son modelos a seguir en cuanto a c\u00f3mo los peque\u00f1os y peque\u00f1as pueden manejar las emociones, afrontar el estr\u00e9s y resolver conflictos. Si los ni\u00f1os observan a sus padres expresando sus emociones de manera saludable, comunic\u00e1ndose de forma efectiva y buscando ayuda cuando la necesitan, es m\u00e1s probable que ellos y ellas mismos\/as aprendan a hacer lo mismo.\ud83e\udde1<\/p>\n\n\n\n<p>Sin embargo, es importante recordar que los padres tambi\u00e9n son personas con sus propias emociones, necesidades y desaf\u00edos. Cuidar de su propia Salud Mental es fundamental para poder brindar un apoyo emocional adecuado a sus hijos e hijas. Si un padre o madre est\u00e1 luchando con el estr\u00e9s, la ansiedad, la depresi\u00f3n u otros problemas de Salud Mental, esto puede afectar negativamente a sus hijos.<\/p>\n\n\n\n<p>En Corporaci\u00f3n Atrapasue\u00f1os nos preocupamos por la Salud Mental de las familias. A trav\u00e9s de nuestro Banco de Horas, ofrecemos atenci\u00f3n psicol\u00f3gica y psiqui\u00e1trica gratuita a personas que forman parte de nuestras fundaciones aliadas y que est\u00e1n pasando por momentos dif\u00edciles.\ud83e\udde1<\/p>\n\n\n\n<p>En este D\u00eda del Padre, invitamos a todos los padres a reflexionar sobre su propia salud mental y a buscar ayuda si la necesitan. Recuerden que su bienestar emocional es fundamental para el desarrollo integral de sus hijos y para construir un hogar lleno de amor, respeto y comprensi\u00f3n.<\/p>\n\n\n\n<p>\ud83e\udde1Juntos podemos construir familias m\u00e1s sanas y felices\ud83e\udde1<\/p>\n","protected":false},"excerpt":{"rendered":"<p>En este D\u00eda del Padre, desde Atrapasue\u00f1os hacemos un llamado a reflexionar sobre la importancia de la Salud Mental de los padres y su impacto en el desarrollo emocional de los hijos e hijas. En el marco del D\u00eda del Padre, que se celebra este domingo 16 de junio, hacemos un llamado a la comunidad a reflexionar sobre el papel [&hellip;]<\/p>\n","protected":false},"author":3,"featured_media":2918,"comment_status":"closed","ping_status":"open","sticky":false,"template":"","format":"standard","meta":{"footnotes":""},"categories":[6],"tags":[],"class_list":["post-2917","post","type-post","status-publish","format-standard","has-post-thumbnail","hentry","category-noticias"],"yoast_head":"<!-- This site is optimized with the Yoast SEO plugin v23.4 - https:\/\/yoast.com\/wordpress\/plugins\/seo\/ -->\n<title>\ud83e\udde1El Padre y la Salud Mental de los hijos: Un v\u00ednculo fundamental para el bienestar familiar\ud83e\udde1 - Corporaci\u00f3n Atrapasue\u00f1os<\/title>\n<meta name=\"robots\" content=\"index, follow, max-snippet:-1, max-image-preview:large, max-video-preview:-1\" \/>\n<link rel=\"canonical\" href=\"https:\/\/qa.atrapasuenos.cl\/?p=2917\" \/>\n<meta property=\"og:locale\" content=\"es_ES\" \/>\n<meta property=\"og:type\" content=\"article\" \/>\n<meta property=\"og:title\" content=\"\ud83e\udde1El Padre y la Salud Mental de los hijos: Un v\u00ednculo fundamental para el bienestar familiar\ud83e\udde1 - Corporaci\u00f3n Atrapasue\u00f1os\" \/>\n<meta property=\"og:description\" content=\"En este D\u00eda del Padre, desde Atrapasue\u00f1os hacemos un llamado a reflexionar sobre la importancia de la Salud Mental de los padres y su impacto en el desarrollo emocional de los hijos e hijas. En el marco del D\u00eda del Padre, que se celebra este domingo 16 de junio, hacemos un llamado a la comunidad a reflexionar sobre el papel [&hellip;]\" \/>\n<meta property=\"og:url\" content=\"https:\/\/qa.atrapasuenos.cl\/?p=2917\" \/>\n<meta property=\"og:site_name\" content=\"Corporaci\u00f3n Atrapasue\u00f1os\" \/>\n<meta property=\"article:publisher\" content=\"https:\/\/www.facebook.com\/atrapasuenos.cl\" \/>\n<meta property=\"article:published_time\" content=\"2024-06-16T07:00:00+00:00\" \/>\n<meta property=\"article:modified_time\" content=\"2024-06-14T19:56:50+00:00\" \/>\n<meta property=\"og:image\" content=\"https:\/\/qa.atrapasuenos.cl\/wp-content\/uploads\/2024\/06\/Post-de-Instagram-dia-del-padre-moderno-azul-blanco.png\" \/>\n\t<meta property=\"og:image:width\" content=\"1080\" \/>\n\t<meta property=\"og:image:height\" content=\"1080\" \/>\n\t<meta property=\"og:image:type\" content=\"image\/png\" \/>\n<meta name=\"author\" content=\"Atrapasue\u00f1os\" \/>\n<meta name=\"twitter:card\" content=\"summary_large_image\" \/>\n<meta name=\"twitter:label1\" content=\"Escrito por\" \/>\n\t<meta name=\"twitter:data1\" content=\"Atrapasue\u00f1os\" \/>\n\t<meta name=\"twitter:label2\" content=\"Tiempo de lectura\" \/>\n\t<meta name=\"twitter:data2\" content=\"2 minutos\" \/>\n<script type=\"application\/ld+json\" class=\"yoast-schema-graph\">{\"@context\":\"https:\/\/schema.org\",\"@graph\":[{\"@type\":\"Article\",\"@id\":\"https:\/\/qa.atrapasuenos.cl\/?p=2917#article\",\"isPartOf\":{\"@id\":\"https:\/\/qa.atrapasuenos.cl\/?p=2917\"},\"author\":{\"name\":\"Atrapasue\u00f1os\",\"@id\":\"https:\/\/qa.atrapasuenos.cl\/#\/schema\/person\/26cd704da6e4c46b8f6cb5b8bdb48ddb\"},\"headline\":\"\ud83e\udde1El Padre y la Salud Mental de los hijos: Un v\u00ednculo fundamental para el bienestar familiar\ud83e\udde1\",\"datePublished\":\"2024-06-16T07:00:00+00:00\",\"dateModified\":\"2024-06-14T19:56:50+00:00\",\"mainEntityOfPage\":{\"@id\":\"https:\/\/qa.atrapasuenos.cl\/?p=2917\"},\"wordCount\":427,\"publisher\":{\"@id\":\"https:\/\/qa.atrapasuenos.cl\/#organization\"},\"image\":{\"@id\":\"https:\/\/qa.atrapasuenos.cl\/?p=2917#primaryimage\"},\"thumbnailUrl\":\"https:\/\/qa.atrapasuenos.cl\/wp-content\/uploads\/2024\/06\/Post-de-Instagram-dia-del-padre-moderno-azul-blanco.png\",\"articleSection\":[\"NOTICIAS\"],\"inLanguage\":\"es\"},{\"@type\":\"WebPage\",\"@id\":\"https:\/\/qa.atrapasuenos.cl\/?p=2917\",\"url\":\"https:\/\/qa.atrapasuenos.cl\/?p=2917\",\"name\":\"\ud83e\udde1El Padre y la Salud Mental de los hijos: Un v\u00ednculo fundamental para el bienestar familiar\ud83e\udde1 - Corporaci\u00f3n Atrapasue\u00f1os\",\"isPartOf\":{\"@id\":\"https:\/\/qa.atrapasuenos.cl\/#website\"},\"primaryImageOfPage\":{\"@id\":\"https:\/\/qa.atrapasuenos.cl\/?p=2917#primaryimage\"},\"image\":{\"@id\":\"https:\/\/qa.atrapasuenos.cl\/?p=2917#primaryimage\"},\"thumbnailUrl\":\"https:\/\/qa.atrapasuenos.cl\/wp-content\/uploads\/2024\/06\/Post-de-Instagram-dia-del-padre-moderno-azul-blanco.png\",\"datePublished\":\"2024-06-16T07:00:00+00:00\",\"dateModified\":\"2024-06-14T19:56:50+00:00\",\"breadcrumb\":{\"@id\":\"https:\/\/qa.atrapasuenos.cl\/?p=2917#breadcrumb\"},\"inLanguage\":\"es\",\"potentialAction\":[{\"@type\":\"ReadAction\",\"target\":[\"https:\/\/qa.atrapasuenos.cl\/?p=2917\"]}]},{\"@type\":\"ImageObject\",\"inLanguage\":\"es\",\"@id\":\"https:\/\/qa.atrapasuenos.cl\/?p=2917#primaryimage\",\"url\":\"https:\/\/qa.atrapasuenos.cl\/wp-content\/uploads\/2024\/06\/Post-de-Instagram-dia-del-padre-moderno-azul-blanco.png\",\"contentUrl\":\"https:\/\/qa.atrapasuenos.cl\/wp-content\/uploads\/2024\/06\/Post-de-Instagram-dia-del-padre-moderno-azul-blanco.png\",\"width\":1080,\"height\":1080},{\"@type\":\"BreadcrumbList\",\"@id\":\"https:\/\/qa.atrapasuenos.cl\/?p=2917#breadcrumb\",\"itemListElement\":[{\"@type\":\"ListItem\",\"position\":1,\"name\":\"Portada\",\"item\":\"https:\/\/qa.atrapasuenos.cl\/\"},{\"@type\":\"ListItem\",\"position\":2,\"name\":\"\ud83e\udde1El Padre y la Salud Mental de los hijos: Un v\u00ednculo fundamental para el bienestar familiar\ud83e\udde1\"}]},{\"@type\":\"WebSite\",\"@id\":\"https:\/\/qa.atrapasuenos.cl\/#website\",\"url\":\"https:\/\/qa.atrapasuenos.cl\/\",\"name\":\"Corporaci\u00f3n Atrapasue\u00f1os\",\"description\":\"ILUMINA UNA VIDA, DONA SALUD MENTAL\",\"publisher\":{\"@id\":\"https:\/\/qa.atrapasuenos.cl\/#organization\"},\"potentialAction\":[{\"@type\":\"SearchAction\",\"target\":{\"@type\":\"EntryPoint\",\"urlTemplate\":\"https:\/\/qa.atrapasuenos.cl\/?s={search_term_string}\"},\"query-input\":{\"@type\":\"PropertyValueSpecification\",\"valueRequired\":true,\"valueName\":\"search_term_string\"}}],\"inLanguage\":\"es\"},{\"@type\":\"Organization\",\"@id\":\"https:\/\/qa.atrapasuenos.cl\/#organization\",\"name\":\"Corporaci\u00f3n Atrapasue\u00f1os\",\"url\":\"https:\/\/qa.atrapasuenos.cl\/\",\"logo\":{\"@type\":\"ImageObject\",\"inLanguage\":\"es\",\"@id\":\"https:\/\/qa.atrapasuenos.cl\/#\/schema\/logo\/image\/\",\"url\":\"http:\/\/www.atrapasuenos.cl\/wp-content\/uploads\/2021\/12\/GC_ATRAPASUENOS.png\",\"contentUrl\":\"http:\/\/www.atrapasuenos.cl\/wp-content\/uploads\/2021\/12\/GC_ATRAPASUENOS.png\",\"width\":300,\"height\":300,\"caption\":\"Corporaci\u00f3n Atrapasue\u00f1os\"},\"image\":{\"@id\":\"https:\/\/qa.atrapasuenos.cl\/#\/schema\/logo\/image\/\"},\"sameAs\":[\"https:\/\/www.facebook.com\/atrapasuenos.cl\",\"https:\/\/www.instagram.com\/atrapasuenos.corp\/\"]},{\"@type\":\"Person\",\"@id\":\"https:\/\/qa.atrapasuenos.cl\/#\/schema\/person\/26cd704da6e4c46b8f6cb5b8bdb48ddb\",\"name\":\"Atrapasue\u00f1os\",\"url\":\"https:\/\/qa.atrapasuenos.cl\/?author=3\"}]}<\/script>\n<!-- \/ Yoast SEO plugin. -->","yoast_head_json":{"title":"\ud83e\udde1El Padre y la Salud Mental de los hijos: Un v\u00ednculo fundamental para el bienestar familiar\ud83e\udde1 - Corporaci\u00f3n Atrapasue\u00f1os","robots":{"index":"index","follow":"follow","max-snippet":"max-snippet:-1","max-image-preview":"max-image-preview:large","max-video-preview":"max-video-preview:-1"},"canonical":"https:\/\/qa.atrapasuenos.cl\/?p=2917","og_locale":"es_ES","og_type":"article","og_title":"\ud83e\udde1El Padre y la Salud Mental de los hijos: Un v\u00ednculo fundamental para el bienestar familiar\ud83e\udde1 - Corporaci\u00f3n Atrapasue\u00f1os","og_description":"En este D\u00eda del Padre, desde Atrapasue\u00f1os hacemos un llamado a reflexionar sobre la importancia de la Salud Mental de los padres y su impacto en el desarrollo emocional de los hijos e hijas. En el marco del D\u00eda del Padre, que se celebra este domingo 16 de junio, hacemos un llamado a la comunidad a reflexionar sobre el papel [&hellip;]","og_url":"https:\/\/qa.atrapasuenos.cl\/?p=2917","og_site_name":"Corporaci\u00f3n Atrapasue\u00f1os","article_publisher":"https:\/\/www.facebook.com\/atrapasuenos.cl","article_published_time":"2024-06-16T07:00:00+00:00","article_modified_time":"2024-06-14T19:56:50+00:00","og_image":[{"width":1080,"height":1080,"url":"https:\/\/qa.atrapasuenos.cl\/wp-content\/uploads\/2024\/06\/Post-de-Instagram-dia-del-padre-moderno-azul-blanco.png","type":"image\/png"}],"author":"Atrapasue\u00f1os","twitter_card":"summary_large_image","twitter_misc":{"Escrito por":"Atrapasue\u00f1os","Tiempo de lectura":"2 minutos"},"schema":{"@context":"https:\/\/schema.org","@graph":[{"@type":"Article","@id":"https:\/\/qa.atrapasuenos.cl\/?p=2917#article","isPartOf":{"@id":"https:\/\/qa.atrapasuenos.cl\/?p=2917"},"author":{"name":"Atrapasue\u00f1os","@id":"https:\/\/qa.atrapasuenos.cl\/#\/schema\/person\/26cd704da6e4c46b8f6cb5b8bdb48ddb"},"headline":"\ud83e\udde1El Padre y la Salud Mental de los hijos: Un v\u00ednculo fundamental para el bienestar familiar\ud83e\udde1","datePublished":"2024-06-16T07:00:00+00:00","dateModified":"2024-06-14T19:56:50+00:00","mainEntityOfPage":{"@id":"https:\/\/qa.atrapasuenos.cl\/?p=2917"},"wordCount":427,"publisher":{"@id":"https:\/\/qa.atrapasuenos.cl\/#organization"},"image":{"@id":"https:\/\/qa.atrapasuenos.cl\/?p=2917#primaryimage"},"thumbnailUrl":"https:\/\/qa.atrapasuenos.cl\/wp-content\/uploads\/2024\/06\/Post-de-Instagram-dia-del-padre-moderno-azul-blanco.png","articleSection":["NOTICIAS"],"inLanguage":"es"},{"@type":"WebPage","@id":"https:\/\/qa.atrapasuenos.cl\/?p=2917","url":"https:\/\/qa.atrapasuenos.cl\/?p=2917","name":"\ud83e\udde1El Padre y la Salud Mental de los hijos: Un v\u00ednculo fundamental para el bienestar familiar\ud83e\udde1 - Corporaci\u00f3n Atrapasue\u00f1os","isPartOf":{"@id":"https:\/\/qa.atrapasuenos.cl\/#website"},"primaryImageOfPage":{"@id":"https:\/\/qa.atrapasuenos.cl\/?p=2917#primaryimage"},"image":{"@id":"https:\/\/qa.atrapasuenos.cl\/?p=2917#primaryimage"},"thumbnailUrl":"https:\/\/qa.atrapasuenos.cl\/wp-content\/uploads\/2024\/06\/Post-de-Instagram-dia-del-padre-moderno-azul-blanco.png","datePublished":"2024-06-16T07:00:00+00:00","dateModified":"2024-06-14T19:56:50+00:00","breadcrumb":{"@id":"https:\/\/qa.atrapasuenos.cl\/?p=2917#breadcrumb"},"inLanguage":"es","potentialAction":[{"@type":"ReadAction","target":["https:\/\/qa.atrapasuenos.cl\/?p=2917"]}]},{"@type":"ImageObject","inLanguage":"es","@id":"https:\/\/qa.atrapasuenos.cl\/?p=2917#primaryimage","url":"https:\/\/qa.atrapasuenos.cl\/wp-content\/uploads\/2024\/06\/Post-de-Instagram-dia-del-padre-moderno-azul-blanco.png","contentUrl":"https:\/\/qa.atrapasuenos.cl\/wp-content\/uploads\/2024\/06\/Post-de-Instagram-dia-del-padre-moderno-azul-blanco.png","width":1080,"height":1080},{"@type":"BreadcrumbList","@id":"https:\/\/qa.atrapasuenos.cl\/?p=2917#breadcrumb","itemListElement":[{"@type":"ListItem","position":1,"name":"Portada","item":"https:\/\/qa.atrapasuenos.cl\/"},{"@type":"ListItem","position":2,"name":"\ud83e\udde1El Padre y la Salud Mental de los hijos: Un v\u00ednculo fundamental para el bienestar familiar\ud83e\udde1"}]},{"@type":"WebSite","@id":"https:\/\/qa.atrapasuenos.cl\/#website","url":"https:\/\/qa.atrapasuenos.cl\/","name":"Corporaci\u00f3n Atrapasue\u00f1os","description":"ILUMINA UNA VIDA, DONA SALUD MENTAL","publisher":{"@id":"https:\/\/qa.atrapasuenos.cl\/#organization"},"potentialAction":[{"@type":"SearchAction","target":{"@type":"EntryPoint","urlTemplate":"https:\/\/qa.atrapasuenos.cl\/?s={search_term_string}"},"query-input":{"@type":"PropertyValueSpecification","valueRequired":true,"valueName":"search_term_string"}}],"inLanguage":"es"},{"@type":"Organization","@id":"https:\/\/qa.atrapasuenos.cl\/#organization","name":"Corporaci\u00f3n Atrapasue\u00f1os","url":"https:\/\/qa.atrapasuenos.cl\/","logo":{"@type":"ImageObject","inLanguage":"es","@id":"https:\/\/qa.atrapasuenos.cl\/#\/schema\/logo\/image\/","url":"http:\/\/www.atrapasuenos.cl\/wp-content\/uploads\/2021\/12\/GC_ATRAPASUENOS.png","contentUrl":"http:\/\/www.atrapasuenos.cl\/wp-content\/uploads\/2021\/12\/GC_ATRAPASUENOS.png","width":300,"height":300,"caption":"Corporaci\u00f3n Atrapasue\u00f1os"},"image":{"@id":"https:\/\/qa.atrapasuenos.cl\/#\/schema\/logo\/image\/"},"sameAs":["https:\/\/www.facebook.com\/atrapasuenos.cl","https:\/\/www.instagram.com\/atrapasuenos.corp\/"]},{"@type":"Person","@id":"https:\/\/qa.atrapasuenos.cl\/#\/schema\/person\/26cd704da6e4c46b8f6cb5b8bdb48ddb","name":"Atrapasue\u00f1os","url":"https:\/\/qa.atrapasuenos.cl\/?author=3"}]}},"_links":{"self":[{"href":"https:\/\/qa.atrapasuenos.cl\/index.php?rest_route=\/wp\/v2\/posts\/2917","targetHints":{"allow":["GET"]}}],"collection":[{"href":"https:\/\/qa.atrapasuenos.cl\/index.php?rest_route=\/wp\/v2\/posts"}],"about":[{"href":"https:\/\/qa.atrapasuenos.cl\/index.php?rest_route=\/wp\/v2\/types\/post"}],"author":[{"embeddable":true,"href":"https:\/\/qa.atrapasuenos.cl\/index.php?rest_route=\/wp\/v2\/users\/3"}],"replies":[{"embeddable":true,"href":"https:\/\/qa.atrapasuenos.cl\/index.php?rest_route=%2Fwp%2Fv2%2Fcomments&post=2917"}],"version-history":[{"count":1,"href":"https:\/\/qa.atrapasuenos.cl\/index.php?rest_route=\/wp\/v2\/posts\/2917\/revisions"}],"predecessor-version":[{"id":2919,"href":"https:\/\/qa.atrapasuenos.cl\/index.php?rest_route=\/wp\/v2\/posts\/2917\/revisions\/2919"}],"wp:featuredmedia":[{"embeddable":true,"href":"https:\/\/qa.atrapasuenos.cl\/index.php?rest_route=\/wp\/v2\/media\/2918"}],"wp:attachment":[{"href":"https:\/\/qa.atrapasuenos.cl\/index.php?rest_route=%2Fwp%2Fv2%2Fmedia&parent=2917"}],"wp:term":[{"taxonomy":"category","embeddable":true,"href":"https:\/\/qa.atrapasuenos.cl\/index.php?rest_route=%2Fwp%2Fv2%2Fcategories&post=2917"},{"taxonomy":"post_tag","embeddable":true,"href":"https:\/\/qa.atrapasuenos.cl\/index.php?rest_route=%2Fwp%2Fv2%2Ftags&post=2917"}],"curies":[{"name":"wp","href":"https:\/\/api.w.org\/{rel}","templated":true}]}}