{"id":2556,"date":"2023-08-06T06:00:00","date_gmt":"2023-08-06T06:00:00","guid":{"rendered":"https:\/\/qa.atrapasuenos.cl\/?p=2556"},"modified":"2023-08-01T21:17:07","modified_gmt":"2023-08-01T21:17:07","slug":"dia-de-la-ninez-conoces-la-ley-21-430","status":"publish","type":"post","link":"https:\/\/qa.atrapasuenos.cl\/?p=2556","title":{"rendered":"D\u00eda de la Ni\u00f1ez: \u00bfConoces la Ley 21.430?"},"content":{"rendered":"\n<p>El 15 de marzo del a\u00f1o 2022 se public\u00f3 la Ley 21.430 sobre Garant\u00edas y Protecci\u00f3n Integral de los Derechos de la Ni\u00f1ez y la Adolescencia. <\/p>\n\n\n\n<p>Esta ley tiene por objeto la garant\u00eda y protecci\u00f3n integral, el ejercicio efectivo y el goce pleno de los derechos de los ni\u00f1os, ni\u00f1as y adolescentes, a trav\u00e9s de un Sistema de Garant\u00edas.<\/p>\n\n\n\n<p><strong><mark style=\"background-color:rgba(0, 0, 0, 0)\" class=\"has-inline-color has-luminous-vivid-amber-color\">\u00bfDe qu\u00e9 se trata el Sistema de Garant\u00edas?<\/mark><\/strong><\/p>\n\n\n\n<p>El Sistema de Garant\u00edas y Protecci\u00f3n Integral de los Derechos de la Ni\u00f1ez y Adolescencia es un sistema creado por la ley, y que est\u00e1 integrado por el conjunto de pol\u00edticas, instituciones y normas destinadas a respetar, promover y proteger el desarrollo f\u00edsico, mental, espiritual, moral, cultural y social de los ni\u00f1os, ni\u00f1as y adolescentes, hasta el m\u00e1ximo de los recursos de los que pueda disponer el Estado.<\/p>\n\n\n\n<p>Es primordial la difusi\u00f3n de esta Ley para que todas las personas, familiares, educadores, cuidadores y cuidadoras de ni\u00f1os, ni\u00f1as y adolescentes reconozcan a los NNA como sujetos de derecho y se entienda el principio del inter\u00e9s superior como un Derecho fundamental en la ni\u00f1ez y adolescencia.<\/p>\n\n\n\n<p><strong><mark style=\"background-color:rgba(0, 0, 0, 0)\" class=\"has-inline-color has-luminous-vivid-amber-color\">SUJETOS DE DERECHO<\/mark><\/strong><\/p>\n\n\n\n<p>Esto quiere decir que todo ni\u00f1o, ni\u00f1a o adolescente es titular y goza plenamente de los derechos reconocidos en la Constituci\u00f3n, la Convenci\u00f3n sobre los Derechos del Ni\u00f1o, en los dem\u00e1s tratados internacionales de derechos humanos ratificados por Chile que se encuentren vigentes y en las leyes.<\/p>\n\n\n\n<p><mark style=\"background-color:rgba(0, 0, 0, 0)\" class=\"has-inline-color has-luminous-vivid-amber-color\"><strong>PRINCIPIO DEL INTER\u00c9S SUPERIOR<\/strong><\/mark><\/p>\n\n\n\n<p>El inter\u00e9s superior del ni\u00f1o, ni\u00f1a y adolescente es un derecho, un principio y una norma de procedimiento, que se basa en una evaluaci\u00f3n de todos los elementos del inter\u00e9s de uno o varios ni\u00f1os en una situaci\u00f3n concreta. Conforme a este principio, ante distintas interpretaciones, <em><strong>siempre se elegir\u00e1 aquella que satisfaga de manera m\u00e1s efectiva el inter\u00e9s superior del ni\u00f1o, ni\u00f1a o adolescente<\/strong><\/em>.<\/p>\n\n\n\n<p>Para ver el texto completo de la Ley 21.430 \ud83d\udc49 <a href=\"https:\/\/www.bcn.cl\/leychile\/navegar?idNorma=1173643\" target=\"_blank\" rel=\"noreferrer noopener\">Pincha Aqu\u00ed<\/a> \ud83d\udc48<\/p>\n\n\n\n<figure class=\"wp-block-pullquote\"><blockquote><p>\ud83e\udde1<strong><mark style=\"background-color:rgba(0, 0, 0, 0)\" class=\"has-inline-color has-luminous-vivid-amber-color\">En este d\u00eda de la Ni\u00f1ez, los invitamos a leer, conocer y difundir la Ley 21.430<\/mark><\/strong>\ud83e\udde1<\/p><\/blockquote><\/figure>\n","protected":false},"excerpt":{"rendered":"<p>El 15 de marzo del a\u00f1o 2022 se public\u00f3 la Ley 21.430 sobre Garant\u00edas y Protecci\u00f3n Integral de los Derechos de la Ni\u00f1ez y la Adolescencia. Esta ley tiene por objeto la garant\u00eda y protecci\u00f3n integral, el ejercicio efectivo y el goce pleno de los derechos de los ni\u00f1os, ni\u00f1as y adolescentes, a trav\u00e9s de un Sistema de Garant\u00edas. \u00bfDe [&hellip;]<\/p>\n","protected":false},"author":3,"featured_media":2559,"comment_status":"closed","ping_status":"open","sticky":false,"template":"","format":"standard","meta":{"footnotes":""},"categories":[6],"tags":[],"class_list":["post-2556","post","type-post","status-publish","format-standard","has-post-thumbnail","hentry","category-noticias"],"yoast_head":"<!-- This site is optimized with the Yoast SEO plugin v23.4 - https:\/\/yoast.com\/wordpress\/plugins\/seo\/ -->\n<title>D\u00eda de la Ni\u00f1ez: \u00bfConoces la Ley 21.430? - Corporaci\u00f3n Atrapasue\u00f1os<\/title>\n<meta name=\"robots\" content=\"index, follow, max-snippet:-1, max-image-preview:large, max-video-preview:-1\" \/>\n<link rel=\"canonical\" href=\"https:\/\/qa.atrapasuenos.cl\/?p=2556\" \/>\n<meta property=\"og:locale\" content=\"es_ES\" \/>\n<meta property=\"og:type\" content=\"article\" \/>\n<meta property=\"og:title\" content=\"D\u00eda de la Ni\u00f1ez: \u00bfConoces la Ley 21.430? - Corporaci\u00f3n Atrapasue\u00f1os\" \/>\n<meta property=\"og:description\" content=\"El 15 de marzo del a\u00f1o 2022 se public\u00f3 la Ley 21.430 sobre Garant\u00edas y Protecci\u00f3n Integral de los Derechos de la Ni\u00f1ez y la Adolescencia. Esta ley tiene por objeto la garant\u00eda y protecci\u00f3n integral, el ejercicio efectivo y el goce pleno de los derechos de los ni\u00f1os, ni\u00f1as y adolescentes, a trav\u00e9s de un Sistema de Garant\u00edas. \u00bfDe [&hellip;]\" \/>\n<meta property=\"og:url\" content=\"https:\/\/qa.atrapasuenos.cl\/?p=2556\" \/>\n<meta property=\"og:site_name\" content=\"Corporaci\u00f3n Atrapasue\u00f1os\" \/>\n<meta property=\"article:publisher\" content=\"https:\/\/www.facebook.com\/atrapasuenos.cl\" \/>\n<meta property=\"article:published_time\" content=\"2023-08-06T06:00:00+00:00\" \/>\n<meta property=\"article:modified_time\" content=\"2023-08-01T21:17:07+00:00\" \/>\n<meta property=\"og:image\" content=\"https:\/\/qa.atrapasuenos.cl\/wp-content\/uploads\/2023\/08\/Dia-de-la-Ninez-1-e1690924622254.jpg\" \/>\n\t<meta property=\"og:image:width\" content=\"100\" \/>\n\t<meta property=\"og:image:height\" content=\"150\" \/>\n\t<meta property=\"og:image:type\" content=\"image\/jpeg\" \/>\n<meta name=\"author\" content=\"Atrapasue\u00f1os\" \/>\n<meta name=\"twitter:card\" content=\"summary_large_image\" \/>\n<meta name=\"twitter:label1\" content=\"Escrito por\" \/>\n\t<meta name=\"twitter:data1\" content=\"Atrapasue\u00f1os\" \/>\n\t<meta name=\"twitter:label2\" content=\"Tiempo de lectura\" \/>\n\t<meta name=\"twitter:data2\" content=\"2 minutos\" \/>\n<script type=\"application\/ld+json\" class=\"yoast-schema-graph\">{\"@context\":\"https:\/\/schema.org\",\"@graph\":[{\"@type\":\"Article\",\"@id\":\"https:\/\/qa.atrapasuenos.cl\/?p=2556#article\",\"isPartOf\":{\"@id\":\"https:\/\/qa.atrapasuenos.cl\/?p=2556\"},\"author\":{\"name\":\"Atrapasue\u00f1os\",\"@id\":\"https:\/\/qa.atrapasuenos.cl\/#\/schema\/person\/26cd704da6e4c46b8f6cb5b8bdb48ddb\"},\"headline\":\"D\u00eda de la Ni\u00f1ez: \u00bfConoces la Ley 21.430?\",\"datePublished\":\"2023-08-06T06:00:00+00:00\",\"dateModified\":\"2023-08-01T21:17:07+00:00\",\"mainEntityOfPage\":{\"@id\":\"https:\/\/qa.atrapasuenos.cl\/?p=2556\"},\"wordCount\":375,\"publisher\":{\"@id\":\"https:\/\/qa.atrapasuenos.cl\/#organization\"},\"image\":{\"@id\":\"https:\/\/qa.atrapasuenos.cl\/?p=2556#primaryimage\"},\"thumbnailUrl\":\"https:\/\/qa.atrapasuenos.cl\/wp-content\/uploads\/2023\/08\/Dia-de-la-Ninez-1-e1690924622254.jpg\",\"articleSection\":[\"NOTICIAS\"],\"inLanguage\":\"es\"},{\"@type\":\"WebPage\",\"@id\":\"https:\/\/qa.atrapasuenos.cl\/?p=2556\",\"url\":\"https:\/\/qa.atrapasuenos.cl\/?p=2556\",\"name\":\"D\u00eda de la Ni\u00f1ez: \u00bfConoces la Ley 21.430? - Corporaci\u00f3n Atrapasue\u00f1os\",\"isPartOf\":{\"@id\":\"https:\/\/qa.atrapasuenos.cl\/#website\"},\"primaryImageOfPage\":{\"@id\":\"https:\/\/qa.atrapasuenos.cl\/?p=2556#primaryimage\"},\"image\":{\"@id\":\"https:\/\/qa.atrapasuenos.cl\/?p=2556#primaryimage\"},\"thumbnailUrl\":\"https:\/\/qa.atrapasuenos.cl\/wp-content\/uploads\/2023\/08\/Dia-de-la-Ninez-1-e1690924622254.jpg\",\"datePublished\":\"2023-08-06T06:00:00+00:00\",\"dateModified\":\"2023-08-01T21:17:07+00:00\",\"breadcrumb\":{\"@id\":\"https:\/\/qa.atrapasuenos.cl\/?p=2556#breadcrumb\"},\"inLanguage\":\"es\",\"potentialAction\":[{\"@type\":\"ReadAction\",\"target\":[\"https:\/\/qa.atrapasuenos.cl\/?p=2556\"]}]},{\"@type\":\"ImageObject\",\"inLanguage\":\"es\",\"@id\":\"https:\/\/qa.atrapasuenos.cl\/?p=2556#primaryimage\",\"url\":\"https:\/\/qa.atrapasuenos.cl\/wp-content\/uploads\/2023\/08\/Dia-de-la-Ninez-1-e1690924622254.jpg\",\"contentUrl\":\"https:\/\/qa.atrapasuenos.cl\/wp-content\/uploads\/2023\/08\/Dia-de-la-Ninez-1-e1690924622254.jpg\",\"width\":100,\"height\":150},{\"@type\":\"BreadcrumbList\",\"@id\":\"https:\/\/qa.atrapasuenos.cl\/?p=2556#breadcrumb\",\"itemListElement\":[{\"@type\":\"ListItem\",\"position\":1,\"name\":\"Portada\",\"item\":\"https:\/\/qa.atrapasuenos.cl\/\"},{\"@type\":\"ListItem\",\"position\":2,\"name\":\"D\u00eda de la Ni\u00f1ez: \u00bfConoces la Ley 21.430?\"}]},{\"@type\":\"WebSite\",\"@id\":\"https:\/\/qa.atrapasuenos.cl\/#website\",\"url\":\"https:\/\/qa.atrapasuenos.cl\/\",\"name\":\"Corporaci\u00f3n Atrapasue\u00f1os\",\"description\":\"ILUMINA UNA VIDA, DONA SALUD MENTAL\",\"publisher\":{\"@id\":\"https:\/\/qa.atrapasuenos.cl\/#organization\"},\"potentialAction\":[{\"@type\":\"SearchAction\",\"target\":{\"@type\":\"EntryPoint\",\"urlTemplate\":\"https:\/\/qa.atrapasuenos.cl\/?s={search_term_string}\"},\"query-input\":{\"@type\":\"PropertyValueSpecification\",\"valueRequired\":true,\"valueName\":\"search_term_string\"}}],\"inLanguage\":\"es\"},{\"@type\":\"Organization\",\"@id\":\"https:\/\/qa.atrapasuenos.cl\/#organization\",\"name\":\"Corporaci\u00f3n Atrapasue\u00f1os\",\"url\":\"https:\/\/qa.atrapasuenos.cl\/\",\"logo\":{\"@type\":\"ImageObject\",\"inLanguage\":\"es\",\"@id\":\"https:\/\/qa.atrapasuenos.cl\/#\/schema\/logo\/image\/\",\"url\":\"http:\/\/www.atrapasuenos.cl\/wp-content\/uploads\/2021\/12\/GC_ATRAPASUENOS.png\",\"contentUrl\":\"http:\/\/www.atrapasuenos.cl\/wp-content\/uploads\/2021\/12\/GC_ATRAPASUENOS.png\",\"width\":300,\"height\":300,\"caption\":\"Corporaci\u00f3n Atrapasue\u00f1os\"},\"image\":{\"@id\":\"https:\/\/qa.atrapasuenos.cl\/#\/schema\/logo\/image\/\"},\"sameAs\":[\"https:\/\/www.facebook.com\/atrapasuenos.cl\",\"https:\/\/www.instagram.com\/atrapasuenos.corp\/\"]},{\"@type\":\"Person\",\"@id\":\"https:\/\/qa.atrapasuenos.cl\/#\/schema\/person\/26cd704da6e4c46b8f6cb5b8bdb48ddb\",\"name\":\"Atrapasue\u00f1os\",\"url\":\"https:\/\/qa.atrapasuenos.cl\/?author=3\"}]}<\/script>\n<!-- \/ Yoast SEO plugin. -->","yoast_head_json":{"title":"D\u00eda de la Ni\u00f1ez: \u00bfConoces la Ley 21.430? - Corporaci\u00f3n Atrapasue\u00f1os","robots":{"index":"index","follow":"follow","max-snippet":"max-snippet:-1","max-image-preview":"max-image-preview:large","max-video-preview":"max-video-preview:-1"},"canonical":"https:\/\/qa.atrapasuenos.cl\/?p=2556","og_locale":"es_ES","og_type":"article","og_title":"D\u00eda de la Ni\u00f1ez: \u00bfConoces la Ley 21.430? - Corporaci\u00f3n Atrapasue\u00f1os","og_description":"El 15 de marzo del a\u00f1o 2022 se public\u00f3 la Ley 21.430 sobre Garant\u00edas y Protecci\u00f3n Integral de los Derechos de la Ni\u00f1ez y la Adolescencia. Esta ley tiene por objeto la garant\u00eda y protecci\u00f3n integral, el ejercicio efectivo y el goce pleno de los derechos de los ni\u00f1os, ni\u00f1as y adolescentes, a trav\u00e9s de un Sistema de Garant\u00edas. \u00bfDe [&hellip;]","og_url":"https:\/\/qa.atrapasuenos.cl\/?p=2556","og_site_name":"Corporaci\u00f3n Atrapasue\u00f1os","article_publisher":"https:\/\/www.facebook.com\/atrapasuenos.cl","article_published_time":"2023-08-06T06:00:00+00:00","article_modified_time":"2023-08-01T21:17:07+00:00","og_image":[{"width":100,"height":150,"url":"https:\/\/qa.atrapasuenos.cl\/wp-content\/uploads\/2023\/08\/Dia-de-la-Ninez-1-e1690924622254.jpg","type":"image\/jpeg"}],"author":"Atrapasue\u00f1os","twitter_card":"summary_large_image","twitter_misc":{"Escrito por":"Atrapasue\u00f1os","Tiempo de lectura":"2 minutos"},"schema":{"@context":"https:\/\/schema.org","@graph":[{"@type":"Article","@id":"https:\/\/qa.atrapasuenos.cl\/?p=2556#article","isPartOf":{"@id":"https:\/\/qa.atrapasuenos.cl\/?p=2556"},"author":{"name":"Atrapasue\u00f1os","@id":"https:\/\/qa.atrapasuenos.cl\/#\/schema\/person\/26cd704da6e4c46b8f6cb5b8bdb48ddb"},"headline":"D\u00eda de la Ni\u00f1ez: \u00bfConoces la Ley 21.430?","datePublished":"2023-08-06T06:00:00+00:00","dateModified":"2023-08-01T21:17:07+00:00","mainEntityOfPage":{"@id":"https:\/\/qa.atrapasuenos.cl\/?p=2556"},"wordCount":375,"publisher":{"@id":"https:\/\/qa.atrapasuenos.cl\/#organization"},"image":{"@id":"https:\/\/qa.atrapasuenos.cl\/?p=2556#primaryimage"},"thumbnailUrl":"https:\/\/qa.atrapasuenos.cl\/wp-content\/uploads\/2023\/08\/Dia-de-la-Ninez-1-e1690924622254.jpg","articleSection":["NOTICIAS"],"inLanguage":"es"},{"@type":"WebPage","@id":"https:\/\/qa.atrapasuenos.cl\/?p=2556","url":"https:\/\/qa.atrapasuenos.cl\/?p=2556","name":"D\u00eda de la Ni\u00f1ez: \u00bfConoces la Ley 21.430? - Corporaci\u00f3n Atrapasue\u00f1os","isPartOf":{"@id":"https:\/\/qa.atrapasuenos.cl\/#website"},"primaryImageOfPage":{"@id":"https:\/\/qa.atrapasuenos.cl\/?p=2556#primaryimage"},"image":{"@id":"https:\/\/qa.atrapasuenos.cl\/?p=2556#primaryimage"},"thumbnailUrl":"https:\/\/qa.atrapasuenos.cl\/wp-content\/uploads\/2023\/08\/Dia-de-la-Ninez-1-e1690924622254.jpg","datePublished":"2023-08-06T06:00:00+00:00","dateModified":"2023-08-01T21:17:07+00:00","breadcrumb":{"@id":"https:\/\/qa.atrapasuenos.cl\/?p=2556#breadcrumb"},"inLanguage":"es","potentialAction":[{"@type":"ReadAction","target":["https:\/\/qa.atrapasuenos.cl\/?p=2556"]}]},{"@type":"ImageObject","inLanguage":"es","@id":"https:\/\/qa.atrapasuenos.cl\/?p=2556#primaryimage","url":"https:\/\/qa.atrapasuenos.cl\/wp-content\/uploads\/2023\/08\/Dia-de-la-Ninez-1-e1690924622254.jpg","contentUrl":"https:\/\/qa.atrapasuenos.cl\/wp-content\/uploads\/2023\/08\/Dia-de-la-Ninez-1-e1690924622254.jpg","width":100,"height":150},{"@type":"BreadcrumbList","@id":"https:\/\/qa.atrapasuenos.cl\/?p=2556#breadcrumb","itemListElement":[{"@type":"ListItem","position":1,"name":"Portada","item":"https:\/\/qa.atrapasuenos.cl\/"},{"@type":"ListItem","position":2,"name":"D\u00eda de la Ni\u00f1ez: \u00bfConoces la Ley 21.430?"}]},{"@type":"WebSite","@id":"https:\/\/qa.atrapasuenos.cl\/#website","url":"https:\/\/qa.atrapasuenos.cl\/","name":"Corporaci\u00f3n Atrapasue\u00f1os","description":"ILUMINA UNA VIDA, DONA SALUD MENTAL","publisher":{"@id":"https:\/\/qa.atrapasuenos.cl\/#organization"},"potentialAction":[{"@type":"SearchAction","target":{"@type":"EntryPoint","urlTemplate":"https:\/\/qa.atrapasuenos.cl\/?s={search_term_string}"},"query-input":{"@type":"PropertyValueSpecification","valueRequired":true,"valueName":"search_term_string"}}],"inLanguage":"es"},{"@type":"Organization","@id":"https:\/\/qa.atrapasuenos.cl\/#organization","name":"Corporaci\u00f3n Atrapasue\u00f1os","url":"https:\/\/qa.atrapasuenos.cl\/","logo":{"@type":"ImageObject","inLanguage":"es","@id":"https:\/\/qa.atrapasuenos.cl\/#\/schema\/logo\/image\/","url":"http:\/\/www.atrapasuenos.cl\/wp-content\/uploads\/2021\/12\/GC_ATRAPASUENOS.png","contentUrl":"http:\/\/www.atrapasuenos.cl\/wp-content\/uploads\/2021\/12\/GC_ATRAPASUENOS.png","width":300,"height":300,"caption":"Corporaci\u00f3n Atrapasue\u00f1os"},"image":{"@id":"https:\/\/qa.atrapasuenos.cl\/#\/schema\/logo\/image\/"},"sameAs":["https:\/\/www.facebook.com\/atrapasuenos.cl","https:\/\/www.instagram.com\/atrapasuenos.corp\/"]},{"@type":"Person","@id":"https:\/\/qa.atrapasuenos.cl\/#\/schema\/person\/26cd704da6e4c46b8f6cb5b8bdb48ddb","name":"Atrapasue\u00f1os","url":"https:\/\/qa.atrapasuenos.cl\/?author=3"}]}},"_links":{"self":[{"href":"https:\/\/qa.atrapasuenos.cl\/index.php?rest_route=\/wp\/v2\/posts\/2556","targetHints":{"allow":["GET"]}}],"collection":[{"href":"https:\/\/qa.atrapasuenos.cl\/index.php?rest_route=\/wp\/v2\/posts"}],"about":[{"href":"https:\/\/qa.atrapasuenos.cl\/index.php?rest_route=\/wp\/v2\/types\/post"}],"author":[{"embeddable":true,"href":"https:\/\/qa.atrapasuenos.cl\/index.php?rest_route=\/wp\/v2\/users\/3"}],"replies":[{"embeddable":true,"href":"https:\/\/qa.atrapasuenos.cl\/index.php?rest_route=%2Fwp%2Fv2%2Fcomments&post=2556"}],"version-history":[{"count":1,"href":"https:\/\/qa.atrapasuenos.cl\/index.php?rest_route=\/wp\/v2\/posts\/2556\/revisions"}],"predecessor-version":[{"id":2558,"href":"https:\/\/qa.atrapasuenos.cl\/index.php?rest_route=\/wp\/v2\/posts\/2556\/revisions\/2558"}],"wp:featuredmedia":[{"embeddable":true,"href":"https:\/\/qa.atrapasuenos.cl\/index.php?rest_route=\/wp\/v2\/media\/2559"}],"wp:attachment":[{"href":"https:\/\/qa.atrapasuenos.cl\/index.php?rest_route=%2Fwp%2Fv2%2Fmedia&parent=2556"}],"wp:term":[{"taxonomy":"category","embeddable":true,"href":"https:\/\/qa.atrapasuenos.cl\/index.php?rest_route=%2Fwp%2Fv2%2Fcategories&post=2556"},{"taxonomy":"post_tag","embeddable":true,"href":"https:\/\/qa.atrapasuenos.cl\/index.php?rest_route=%2Fwp%2Fv2%2Ftags&post=2556"}],"curies":[{"name":"wp","href":"https:\/\/api.w.org\/{rel}","templated":true}]}}