{"id":2085,"date":"2022-04-26T12:32:37","date_gmt":"2022-04-26T12:32:37","guid":{"rendered":"https:\/\/www.atrapasuenos.cl\/?p=2085"},"modified":"2022-04-26T13:52:01","modified_gmt":"2022-04-26T13:52:01","slug":"lanzamiento-del-libro-asi-es-que-de-mario-vidal-climent","status":"publish","type":"post","link":"https:\/\/qa.atrapasuenos.cl\/?p=2085","title":{"rendered":"Lanzamiento del libro As\u00ed es que de Mario Vidal Climent"},"content":{"rendered":"\n<p>El pasado s\u00e1bado 23 de abril se lanz\u00f3 el 5\u00b0 libro de nuestro querido Maestro y mentor <span class=\"has-inline-color has-pale-pink-color\"><strong>Dr. Mario Vidal Climent<\/strong><\/span>,  Profesor Asociado de Psiquiatr\u00eda y ex Director del Departamento de Psiquiatr\u00eda de la Universidad de Chile, este nuevo libro se titula: <em><strong><span class=\"has-inline-color has-black-color\">As\u00ed es qu<\/span>e<\/strong><\/em>.<\/p>\n\n\n\n<figure class=\"wp-block-image size-full is-resized is-style-default\"><a href=\"http:\/\/www.atrapasuenos.cl\/wp-content\/uploads\/2022\/04\/Foto-Dr.-Mario-vidal.jpg\"><img loading=\"lazy\" decoding=\"async\" src=\"http:\/\/www.atrapasuenos.cl\/wp-content\/uploads\/2022\/04\/Foto-Dr.-Mario-vidal.jpg\" alt=\"\" class=\"wp-image-2086\" width=\"673\" height=\"504\" srcset=\"https:\/\/qa.atrapasuenos.cl\/wp-content\/uploads\/2022\/04\/Foto-Dr.-Mario-vidal.jpg 591w, https:\/\/qa.atrapasuenos.cl\/wp-content\/uploads\/2022\/04\/Foto-Dr.-Mario-vidal-350x262.jpg 350w, https:\/\/qa.atrapasuenos.cl\/wp-content\/uploads\/2022\/04\/Foto-Dr.-Mario-vidal-300x225.jpg 300w\" sizes=\"auto, (max-width: 673px) 100vw, 673px\" \/><\/a><\/figure>\n\n\n\n<p>El <span class=\"has-inline-color has-pale-pink-color\"><strong>Dr. Mario Vidal Climent<\/strong><\/span> ha publicado cinco libros sobre temas de la especialidad: <em>El hombre inconcluso. Desarrollo personal y clase social <\/em>(Colecci\u00f3n Cintras, 1988), <em>Temas de psiquiatr\u00eda <\/em>(LOM, 1999), <em>Para leer a Jaspers <\/em>(Ed. Universitaria, 2003), <em>Psiquiatr\u00eda cl\u00ednica en una unidad de corta estad\u00eda <\/em>(Iku, 2006) y <em>Leer al enfermo <\/em>(Universidad de Santiago de Chile, 2015). <\/p>\n\n\n\n<p>A diferencia de estas publicaciones sobre psiquiatr\u00eda, <em>As\u00ed es que <\/em>es una colecci\u00f3n de ocurrencias y narraciones breves que ten\u00eda encarpetadas desde la dictadura c\u00edvico- militar. En este libro, a trav\u00e9s de los relatos, microcuentos y aforismos humor\u00edsticos, el <strong><span class=\"has-inline-color has-pale-pink-color\">Dr. Mario Vidal<\/span><\/strong> deja a la vista las contradicciones contingentes, hist\u00f3ricas y existenciales en las que se construye nuestra realidad.<\/p>\n\n\n\n<p>Respecto de su trayectoria en la Universidad, entre los a\u00f1os 2003 y 2006 el Dr. Vidal fue Director del Departamento de Psiquiatr\u00eda, entre 2001 y 2005, fue Jefe de C\u00e1tedra de Psiquiatr\u00eda Campus Sur y entre 1995 y 1999 fue Director del Servicio de Psiquiatr\u00eda del Hospital Barros Luco. Despu\u00e9s de su jubilaci\u00f3n, continu\u00f3 acompa\u00f1ando la formaci\u00f3n de estudiantes becados de psiquiatr\u00eda.<\/p>\n\n\n\n<p>La labor social y el aporte del Dr. Vidal como uno de los maestros precursores de la psiquiatr\u00eda social en Chile, gener\u00f3 la creaci\u00f3n en 2010 de la <span class=\"has-inline-color has-pale-pink-color\"><strong>Corporaci\u00f3n Atrapasue\u00f1os<\/strong><\/span>, compuesta por profesionales vinculados al \u00e1rea de la salud mental, cuya misi\u00f3n es \u201c<em><strong>promover las condiciones necesarias para el pleno desarrollo de personas y comunidades vulnerables de nuestra sociedad afectadas por problemas de salud mental<\/strong><\/em>\u201d. <\/p>\n\n\n\n<figure class=\"wp-block-image size-full is-style-default\"><a href=\"http:\/\/www.atrapasuenos.cl\/wp-content\/uploads\/2022\/04\/CUARTETO-DE-VIENTOS-Y-GUITARRA-QUE-ACOMPANO-EL-EVENTO.jpg\"><img loading=\"lazy\" decoding=\"async\" width=\"1024\" height=\"768\" src=\"http:\/\/www.atrapasuenos.cl\/wp-content\/uploads\/2022\/04\/CUARTETO-DE-VIENTOS-Y-GUITARRA-QUE-ACOMPANO-EL-EVENTO.jpg\" alt=\"\" class=\"wp-image-2087\" srcset=\"https:\/\/qa.atrapasuenos.cl\/wp-content\/uploads\/2022\/04\/CUARTETO-DE-VIENTOS-Y-GUITARRA-QUE-ACOMPANO-EL-EVENTO.jpg 1024w, https:\/\/qa.atrapasuenos.cl\/wp-content\/uploads\/2022\/04\/CUARTETO-DE-VIENTOS-Y-GUITARRA-QUE-ACOMPANO-EL-EVENTO-350x263.jpg 350w, https:\/\/qa.atrapasuenos.cl\/wp-content\/uploads\/2022\/04\/CUARTETO-DE-VIENTOS-Y-GUITARRA-QUE-ACOMPANO-EL-EVENTO-300x225.jpg 300w, https:\/\/qa.atrapasuenos.cl\/wp-content\/uploads\/2022\/04\/CUARTETO-DE-VIENTOS-Y-GUITARRA-QUE-ACOMPANO-EL-EVENTO-768x576.jpg 768w\" sizes=\"auto, (max-width: 1024px) 100vw, 1024px\" \/><\/a><figcaption>Cuarteto de vientos y guitarra que acompa\u00f1\u00f3 el evento<\/figcaption><\/figure>\n\n\n\n<figure class=\"wp-block-image size-full is-style-default\"><a href=\"http:\/\/www.atrapasuenos.cl\/wp-content\/uploads\/2022\/04\/DR.-MARIO-VIDAY-Y-DRA.-FANNY-POLLAROLO-PSIQUIATRA-Y-EX-SENADORA-DE-LA-REPUBLICA-COMPANERA-DE-TODA-LA-V.jpg\"><img loading=\"lazy\" decoding=\"async\" width=\"768\" height=\"1024\" src=\"http:\/\/www.atrapasuenos.cl\/wp-content\/uploads\/2022\/04\/DR.-MARIO-VIDAY-Y-DRA.-FANNY-POLLAROLO-PSIQUIATRA-Y-EX-SENADORA-DE-LA-REPUBLICA-COMPANERA-DE-TODA-LA-V.jpg\" alt=\"\" class=\"wp-image-2088\" srcset=\"https:\/\/qa.atrapasuenos.cl\/wp-content\/uploads\/2022\/04\/DR.-MARIO-VIDAY-Y-DRA.-FANNY-POLLAROLO-PSIQUIATRA-Y-EX-SENADORA-DE-LA-REPUBLICA-COMPANERA-DE-TODA-LA-V.jpg 768w, https:\/\/qa.atrapasuenos.cl\/wp-content\/uploads\/2022\/04\/DR.-MARIO-VIDAY-Y-DRA.-FANNY-POLLAROLO-PSIQUIATRA-Y-EX-SENADORA-DE-LA-REPUBLICA-COMPANERA-DE-TODA-LA-V-350x467.jpg 350w, https:\/\/qa.atrapasuenos.cl\/wp-content\/uploads\/2022\/04\/DR.-MARIO-VIDAY-Y-DRA.-FANNY-POLLAROLO-PSIQUIATRA-Y-EX-SENADORA-DE-LA-REPUBLICA-COMPANERA-DE-TODA-LA-V-225x300.jpg 225w\" sizes=\"auto, (max-width: 768px) 100vw, 768px\" \/><\/a><figcaption>Dr. Mario Vidal y Dra. Fanny Pollarolo, psiquiatra y ex senadora de la Rep\u00fablica, compa\u00f1era de toda la vida del Dr. Vidal<\/figcaption><\/figure>\n\n\n\n<figure class=\"wp-block-image size-full is-style-default\"><a href=\"http:\/\/www.atrapasuenos.cl\/wp-content\/uploads\/2022\/04\/ASISTENTES-AL-EVENTO-Y-DR-VIDAL-ESCUCHANDO-LA-PRESENTACION-DE-SU-LIBRO.jpg\"><img loading=\"lazy\" decoding=\"async\" width=\"1024\" height=\"576\" src=\"http:\/\/www.atrapasuenos.cl\/wp-content\/uploads\/2022\/04\/ASISTENTES-AL-EVENTO-Y-DR-VIDAL-ESCUCHANDO-LA-PRESENTACION-DE-SU-LIBRO.jpg\" alt=\"\" class=\"wp-image-2089\" srcset=\"https:\/\/qa.atrapasuenos.cl\/wp-content\/uploads\/2022\/04\/ASISTENTES-AL-EVENTO-Y-DR-VIDAL-ESCUCHANDO-LA-PRESENTACION-DE-SU-LIBRO.jpg 1024w, https:\/\/qa.atrapasuenos.cl\/wp-content\/uploads\/2022\/04\/ASISTENTES-AL-EVENTO-Y-DR-VIDAL-ESCUCHANDO-LA-PRESENTACION-DE-SU-LIBRO-350x197.jpg 350w, https:\/\/qa.atrapasuenos.cl\/wp-content\/uploads\/2022\/04\/ASISTENTES-AL-EVENTO-Y-DR-VIDAL-ESCUCHANDO-LA-PRESENTACION-DE-SU-LIBRO-300x169.jpg 300w, https:\/\/qa.atrapasuenos.cl\/wp-content\/uploads\/2022\/04\/ASISTENTES-AL-EVENTO-Y-DR-VIDAL-ESCUCHANDO-LA-PRESENTACION-DE-SU-LIBRO-768x432.jpg 768w\" sizes=\"auto, (max-width: 1024px) 100vw, 1024px\" \/><\/a><figcaption>Asistentes al evento y Dr. Vidal, escuchando la presentaci\u00f3n de su libro, escrita por su gran amigo Dr. Luis Weinstein<\/figcaption><\/figure>\n\n\n\n<figure class=\"wp-block-image size-full is-style-default\"><a href=\"http:\/\/www.atrapasuenos.cl\/wp-content\/uploads\/2022\/04\/DR.-JORGE-OCHOA-Y-DR.-MARIO-VIDAL.jpg\"><img loading=\"lazy\" decoding=\"async\" width=\"1024\" height=\"768\" src=\"http:\/\/www.atrapasuenos.cl\/wp-content\/uploads\/2022\/04\/DR.-JORGE-OCHOA-Y-DR.-MARIO-VIDAL.jpg\" alt=\"\" class=\"wp-image-2090\" srcset=\"https:\/\/qa.atrapasuenos.cl\/wp-content\/uploads\/2022\/04\/DR.-JORGE-OCHOA-Y-DR.-MARIO-VIDAL.jpg 1024w, https:\/\/qa.atrapasuenos.cl\/wp-content\/uploads\/2022\/04\/DR.-JORGE-OCHOA-Y-DR.-MARIO-VIDAL-350x263.jpg 350w, https:\/\/qa.atrapasuenos.cl\/wp-content\/uploads\/2022\/04\/DR.-JORGE-OCHOA-Y-DR.-MARIO-VIDAL-300x225.jpg 300w, https:\/\/qa.atrapasuenos.cl\/wp-content\/uploads\/2022\/04\/DR.-JORGE-OCHOA-Y-DR.-MARIO-VIDAL-768x576.jpg 768w\" sizes=\"auto, (max-width: 1024px) 100vw, 1024px\" \/><\/a><figcaption>Dr. Mario Vidal acompa\u00f1ado por Dr. Jorge Ochoa y Dra. Marcela Rojas Socios y Cofundadores de Corporaci\u00f3n Atrapasue\u00f1os<\/figcaption><\/figure>\n\n\n\n<p>El libro  <em><strong><span class=\"has-inline-color has-black-color\">As\u00ed es que<\/span><\/strong><\/em> se podr\u00e1 adquirir en la librer\u00eda Escorpi\u00f3n Azul en Jos\u00e9 Manuel Infante #100, local 2, Providencia.<\/p>\n\n\n\n<p><em>M\u00e1s informaci\u00f3n sobre el <strong><span class=\"has-inline-color has-pale-pink-color\">Dr. Mario Vidal Climent<\/span><\/strong>, su vida y obras en nuestra secci\u00f3n: <strong>\u00bfQui\u00e9n es Dr. Mario Vidal Climent?<\/strong><\/em><\/p>\n","protected":false},"excerpt":{"rendered":"<p>El pasado s\u00e1bado 23 de abril se lanz\u00f3 el 5\u00b0 libro de nuestro querido Maestro y mentor Dr. Mario Vidal Climent, Profesor Asociado de Psiquiatr\u00eda y ex Director del Departamento de Psiquiatr\u00eda de la Universidad de Chile, este nuevo libro se titula: As\u00ed es que. El Dr. Mario Vidal Climent ha publicado cinco libros sobre temas de la especialidad: El [&hellip;]<\/p>\n","protected":false},"author":3,"featured_media":0,"comment_status":"closed","ping_status":"open","sticky":false,"template":"","format":"standard","meta":{"footnotes":""},"categories":[1],"tags":[],"class_list":["post-2085","post","type-post","status-publish","format-standard","hentry","category-sin-categoria"],"yoast_head":"<!-- This site is optimized with the Yoast SEO plugin v23.4 - https:\/\/yoast.com\/wordpress\/plugins\/seo\/ -->\n<title>Lanzamiento del libro As\u00ed es que de Mario Vidal Climent - Corporaci\u00f3n Atrapasue\u00f1os<\/title>\n<meta name=\"robots\" content=\"index, follow, max-snippet:-1, max-image-preview:large, max-video-preview:-1\" \/>\n<link rel=\"canonical\" href=\"https:\/\/qa.atrapasuenos.cl\/?p=2085\" \/>\n<meta property=\"og:locale\" content=\"es_ES\" \/>\n<meta property=\"og:type\" content=\"article\" \/>\n<meta property=\"og:title\" content=\"Lanzamiento del libro As\u00ed es que de Mario Vidal Climent - Corporaci\u00f3n Atrapasue\u00f1os\" \/>\n<meta property=\"og:description\" content=\"El pasado s\u00e1bado 23 de abril se lanz\u00f3 el 5\u00b0 libro de nuestro querido Maestro y mentor Dr. Mario Vidal Climent, Profesor Asociado de Psiquiatr\u00eda y ex Director del Departamento de Psiquiatr\u00eda de la Universidad de Chile, este nuevo libro se titula: As\u00ed es que. El Dr. Mario Vidal Climent ha publicado cinco libros sobre temas de la especialidad: El [&hellip;]\" \/>\n<meta property=\"og:url\" content=\"https:\/\/qa.atrapasuenos.cl\/?p=2085\" \/>\n<meta property=\"og:site_name\" content=\"Corporaci\u00f3n Atrapasue\u00f1os\" \/>\n<meta property=\"article:publisher\" content=\"https:\/\/www.facebook.com\/atrapasuenos.cl\" \/>\n<meta property=\"article:published_time\" content=\"2022-04-26T12:32:37+00:00\" \/>\n<meta property=\"article:modified_time\" content=\"2022-04-26T13:52:01+00:00\" \/>\n<meta property=\"og:image\" content=\"http:\/\/www.atrapasuenos.cl\/wp-content\/uploads\/2022\/04\/Foto-Dr.-Mario-vidal.jpg\" \/>\n<meta name=\"author\" content=\"Atrapasue\u00f1os\" \/>\n<meta name=\"twitter:card\" content=\"summary_large_image\" \/>\n<meta name=\"twitter:label1\" content=\"Escrito por\" \/>\n\t<meta name=\"twitter:data1\" content=\"Atrapasue\u00f1os\" \/>\n\t<meta name=\"twitter:label2\" content=\"Tiempo de lectura\" \/>\n\t<meta name=\"twitter:data2\" content=\"3 minutos\" \/>\n<script type=\"application\/ld+json\" class=\"yoast-schema-graph\">{\"@context\":\"https:\/\/schema.org\",\"@graph\":[{\"@type\":\"Article\",\"@id\":\"https:\/\/qa.atrapasuenos.cl\/?p=2085#article\",\"isPartOf\":{\"@id\":\"https:\/\/qa.atrapasuenos.cl\/?p=2085\"},\"author\":{\"name\":\"Atrapasue\u00f1os\",\"@id\":\"https:\/\/qa.atrapasuenos.cl\/#\/schema\/person\/26cd704da6e4c46b8f6cb5b8bdb48ddb\"},\"headline\":\"Lanzamiento del libro As\u00ed es que de Mario Vidal Climent\",\"datePublished\":\"2022-04-26T12:32:37+00:00\",\"dateModified\":\"2022-04-26T13:52:01+00:00\",\"mainEntityOfPage\":{\"@id\":\"https:\/\/qa.atrapasuenos.cl\/?p=2085\"},\"wordCount\":435,\"publisher\":{\"@id\":\"https:\/\/qa.atrapasuenos.cl\/#organization\"},\"image\":{\"@id\":\"https:\/\/qa.atrapasuenos.cl\/?p=2085#primaryimage\"},\"thumbnailUrl\":\"http:\/\/www.atrapasuenos.cl\/wp-content\/uploads\/2022\/04\/Foto-Dr.-Mario-vidal.jpg\",\"inLanguage\":\"es\"},{\"@type\":\"WebPage\",\"@id\":\"https:\/\/qa.atrapasuenos.cl\/?p=2085\",\"url\":\"https:\/\/qa.atrapasuenos.cl\/?p=2085\",\"name\":\"Lanzamiento del libro As\u00ed es que de Mario Vidal Climent - Corporaci\u00f3n Atrapasue\u00f1os\",\"isPartOf\":{\"@id\":\"https:\/\/qa.atrapasuenos.cl\/#website\"},\"primaryImageOfPage\":{\"@id\":\"https:\/\/qa.atrapasuenos.cl\/?p=2085#primaryimage\"},\"image\":{\"@id\":\"https:\/\/qa.atrapasuenos.cl\/?p=2085#primaryimage\"},\"thumbnailUrl\":\"http:\/\/www.atrapasuenos.cl\/wp-content\/uploads\/2022\/04\/Foto-Dr.-Mario-vidal.jpg\",\"datePublished\":\"2022-04-26T12:32:37+00:00\",\"dateModified\":\"2022-04-26T13:52:01+00:00\",\"breadcrumb\":{\"@id\":\"https:\/\/qa.atrapasuenos.cl\/?p=2085#breadcrumb\"},\"inLanguage\":\"es\",\"potentialAction\":[{\"@type\":\"ReadAction\",\"target\":[\"https:\/\/qa.atrapasuenos.cl\/?p=2085\"]}]},{\"@type\":\"ImageObject\",\"inLanguage\":\"es\",\"@id\":\"https:\/\/qa.atrapasuenos.cl\/?p=2085#primaryimage\",\"url\":\"http:\/\/www.atrapasuenos.cl\/wp-content\/uploads\/2022\/04\/Foto-Dr.-Mario-vidal.jpg\",\"contentUrl\":\"http:\/\/www.atrapasuenos.cl\/wp-content\/uploads\/2022\/04\/Foto-Dr.-Mario-vidal.jpg\"},{\"@type\":\"BreadcrumbList\",\"@id\":\"https:\/\/qa.atrapasuenos.cl\/?p=2085#breadcrumb\",\"itemListElement\":[{\"@type\":\"ListItem\",\"position\":1,\"name\":\"Portada\",\"item\":\"https:\/\/qa.atrapasuenos.cl\/\"},{\"@type\":\"ListItem\",\"position\":2,\"name\":\"Lanzamiento del libro As\u00ed es que de Mario Vidal Climent\"}]},{\"@type\":\"WebSite\",\"@id\":\"https:\/\/qa.atrapasuenos.cl\/#website\",\"url\":\"https:\/\/qa.atrapasuenos.cl\/\",\"name\":\"Corporaci\u00f3n Atrapasue\u00f1os\",\"description\":\"ILUMINA UNA VIDA, DONA SALUD MENTAL\",\"publisher\":{\"@id\":\"https:\/\/qa.atrapasuenos.cl\/#organization\"},\"potentialAction\":[{\"@type\":\"SearchAction\",\"target\":{\"@type\":\"EntryPoint\",\"urlTemplate\":\"https:\/\/qa.atrapasuenos.cl\/?s={search_term_string}\"},\"query-input\":{\"@type\":\"PropertyValueSpecification\",\"valueRequired\":true,\"valueName\":\"search_term_string\"}}],\"inLanguage\":\"es\"},{\"@type\":\"Organization\",\"@id\":\"https:\/\/qa.atrapasuenos.cl\/#organization\",\"name\":\"Corporaci\u00f3n Atrapasue\u00f1os\",\"url\":\"https:\/\/qa.atrapasuenos.cl\/\",\"logo\":{\"@type\":\"ImageObject\",\"inLanguage\":\"es\",\"@id\":\"https:\/\/qa.atrapasuenos.cl\/#\/schema\/logo\/image\/\",\"url\":\"http:\/\/www.atrapasuenos.cl\/wp-content\/uploads\/2021\/12\/GC_ATRAPASUENOS.png\",\"contentUrl\":\"http:\/\/www.atrapasuenos.cl\/wp-content\/uploads\/2021\/12\/GC_ATRAPASUENOS.png\",\"width\":300,\"height\":300,\"caption\":\"Corporaci\u00f3n Atrapasue\u00f1os\"},\"image\":{\"@id\":\"https:\/\/qa.atrapasuenos.cl\/#\/schema\/logo\/image\/\"},\"sameAs\":[\"https:\/\/www.facebook.com\/atrapasuenos.cl\",\"https:\/\/www.instagram.com\/atrapasuenos.corp\/\"]},{\"@type\":\"Person\",\"@id\":\"https:\/\/qa.atrapasuenos.cl\/#\/schema\/person\/26cd704da6e4c46b8f6cb5b8bdb48ddb\",\"name\":\"Atrapasue\u00f1os\",\"url\":\"https:\/\/qa.atrapasuenos.cl\/?author=3\"}]}<\/script>\n<!-- \/ Yoast SEO plugin. -->","yoast_head_json":{"title":"Lanzamiento del libro As\u00ed es que de Mario Vidal Climent - Corporaci\u00f3n Atrapasue\u00f1os","robots":{"index":"index","follow":"follow","max-snippet":"max-snippet:-1","max-image-preview":"max-image-preview:large","max-video-preview":"max-video-preview:-1"},"canonical":"https:\/\/qa.atrapasuenos.cl\/?p=2085","og_locale":"es_ES","og_type":"article","og_title":"Lanzamiento del libro As\u00ed es que de Mario Vidal Climent - Corporaci\u00f3n Atrapasue\u00f1os","og_description":"El pasado s\u00e1bado 23 de abril se lanz\u00f3 el 5\u00b0 libro de nuestro querido Maestro y mentor Dr. Mario Vidal Climent, Profesor Asociado de Psiquiatr\u00eda y ex Director del Departamento de Psiquiatr\u00eda de la Universidad de Chile, este nuevo libro se titula: As\u00ed es que. El Dr. Mario Vidal Climent ha publicado cinco libros sobre temas de la especialidad: El [&hellip;]","og_url":"https:\/\/qa.atrapasuenos.cl\/?p=2085","og_site_name":"Corporaci\u00f3n Atrapasue\u00f1os","article_publisher":"https:\/\/www.facebook.com\/atrapasuenos.cl","article_published_time":"2022-04-26T12:32:37+00:00","article_modified_time":"2022-04-26T13:52:01+00:00","og_image":[{"url":"http:\/\/www.atrapasuenos.cl\/wp-content\/uploads\/2022\/04\/Foto-Dr.-Mario-vidal.jpg"}],"author":"Atrapasue\u00f1os","twitter_card":"summary_large_image","twitter_misc":{"Escrito por":"Atrapasue\u00f1os","Tiempo de lectura":"3 minutos"},"schema":{"@context":"https:\/\/schema.org","@graph":[{"@type":"Article","@id":"https:\/\/qa.atrapasuenos.cl\/?p=2085#article","isPartOf":{"@id":"https:\/\/qa.atrapasuenos.cl\/?p=2085"},"author":{"name":"Atrapasue\u00f1os","@id":"https:\/\/qa.atrapasuenos.cl\/#\/schema\/person\/26cd704da6e4c46b8f6cb5b8bdb48ddb"},"headline":"Lanzamiento del libro As\u00ed es que de Mario Vidal Climent","datePublished":"2022-04-26T12:32:37+00:00","dateModified":"2022-04-26T13:52:01+00:00","mainEntityOfPage":{"@id":"https:\/\/qa.atrapasuenos.cl\/?p=2085"},"wordCount":435,"publisher":{"@id":"https:\/\/qa.atrapasuenos.cl\/#organization"},"image":{"@id":"https:\/\/qa.atrapasuenos.cl\/?p=2085#primaryimage"},"thumbnailUrl":"http:\/\/www.atrapasuenos.cl\/wp-content\/uploads\/2022\/04\/Foto-Dr.-Mario-vidal.jpg","inLanguage":"es"},{"@type":"WebPage","@id":"https:\/\/qa.atrapasuenos.cl\/?p=2085","url":"https:\/\/qa.atrapasuenos.cl\/?p=2085","name":"Lanzamiento del libro As\u00ed es que de Mario Vidal Climent - Corporaci\u00f3n Atrapasue\u00f1os","isPartOf":{"@id":"https:\/\/qa.atrapasuenos.cl\/#website"},"primaryImageOfPage":{"@id":"https:\/\/qa.atrapasuenos.cl\/?p=2085#primaryimage"},"image":{"@id":"https:\/\/qa.atrapasuenos.cl\/?p=2085#primaryimage"},"thumbnailUrl":"http:\/\/www.atrapasuenos.cl\/wp-content\/uploads\/2022\/04\/Foto-Dr.-Mario-vidal.jpg","datePublished":"2022-04-26T12:32:37+00:00","dateModified":"2022-04-26T13:52:01+00:00","breadcrumb":{"@id":"https:\/\/qa.atrapasuenos.cl\/?p=2085#breadcrumb"},"inLanguage":"es","potentialAction":[{"@type":"ReadAction","target":["https:\/\/qa.atrapasuenos.cl\/?p=2085"]}]},{"@type":"ImageObject","inLanguage":"es","@id":"https:\/\/qa.atrapasuenos.cl\/?p=2085#primaryimage","url":"http:\/\/www.atrapasuenos.cl\/wp-content\/uploads\/2022\/04\/Foto-Dr.-Mario-vidal.jpg","contentUrl":"http:\/\/www.atrapasuenos.cl\/wp-content\/uploads\/2022\/04\/Foto-Dr.-Mario-vidal.jpg"},{"@type":"BreadcrumbList","@id":"https:\/\/qa.atrapasuenos.cl\/?p=2085#breadcrumb","itemListElement":[{"@type":"ListItem","position":1,"name":"Portada","item":"https:\/\/qa.atrapasuenos.cl\/"},{"@type":"ListItem","position":2,"name":"Lanzamiento del libro As\u00ed es que de Mario Vidal Climent"}]},{"@type":"WebSite","@id":"https:\/\/qa.atrapasuenos.cl\/#website","url":"https:\/\/qa.atrapasuenos.cl\/","name":"Corporaci\u00f3n Atrapasue\u00f1os","description":"ILUMINA UNA VIDA, DONA SALUD MENTAL","publisher":{"@id":"https:\/\/qa.atrapasuenos.cl\/#organization"},"potentialAction":[{"@type":"SearchAction","target":{"@type":"EntryPoint","urlTemplate":"https:\/\/qa.atrapasuenos.cl\/?s={search_term_string}"},"query-input":{"@type":"PropertyValueSpecification","valueRequired":true,"valueName":"search_term_string"}}],"inLanguage":"es"},{"@type":"Organization","@id":"https:\/\/qa.atrapasuenos.cl\/#organization","name":"Corporaci\u00f3n Atrapasue\u00f1os","url":"https:\/\/qa.atrapasuenos.cl\/","logo":{"@type":"ImageObject","inLanguage":"es","@id":"https:\/\/qa.atrapasuenos.cl\/#\/schema\/logo\/image\/","url":"http:\/\/www.atrapasuenos.cl\/wp-content\/uploads\/2021\/12\/GC_ATRAPASUENOS.png","contentUrl":"http:\/\/www.atrapasuenos.cl\/wp-content\/uploads\/2021\/12\/GC_ATRAPASUENOS.png","width":300,"height":300,"caption":"Corporaci\u00f3n Atrapasue\u00f1os"},"image":{"@id":"https:\/\/qa.atrapasuenos.cl\/#\/schema\/logo\/image\/"},"sameAs":["https:\/\/www.facebook.com\/atrapasuenos.cl","https:\/\/www.instagram.com\/atrapasuenos.corp\/"]},{"@type":"Person","@id":"https:\/\/qa.atrapasuenos.cl\/#\/schema\/person\/26cd704da6e4c46b8f6cb5b8bdb48ddb","name":"Atrapasue\u00f1os","url":"https:\/\/qa.atrapasuenos.cl\/?author=3"}]}},"_links":{"self":[{"href":"https:\/\/qa.atrapasuenos.cl\/index.php?rest_route=\/wp\/v2\/posts\/2085","targetHints":{"allow":["GET"]}}],"collection":[{"href":"https:\/\/qa.atrapasuenos.cl\/index.php?rest_route=\/wp\/v2\/posts"}],"about":[{"href":"https:\/\/qa.atrapasuenos.cl\/index.php?rest_route=\/wp\/v2\/types\/post"}],"author":[{"embeddable":true,"href":"https:\/\/qa.atrapasuenos.cl\/index.php?rest_route=\/wp\/v2\/users\/3"}],"replies":[{"embeddable":true,"href":"https:\/\/qa.atrapasuenos.cl\/index.php?rest_route=%2Fwp%2Fv2%2Fcomments&post=2085"}],"version-history":[{"count":2,"href":"https:\/\/qa.atrapasuenos.cl\/index.php?rest_route=\/wp\/v2\/posts\/2085\/revisions"}],"predecessor-version":[{"id":2095,"href":"https:\/\/qa.atrapasuenos.cl\/index.php?rest_route=\/wp\/v2\/posts\/2085\/revisions\/2095"}],"wp:attachment":[{"href":"https:\/\/qa.atrapasuenos.cl\/index.php?rest_route=%2Fwp%2Fv2%2Fmedia&parent=2085"}],"wp:term":[{"taxonomy":"category","embeddable":true,"href":"https:\/\/qa.atrapasuenos.cl\/index.php?rest_route=%2Fwp%2Fv2%2Fcategories&post=2085"},{"taxonomy":"post_tag","embeddable":true,"href":"https:\/\/qa.atrapasuenos.cl\/index.php?rest_route=%2Fwp%2Fv2%2Ftags&post=2085"}],"curies":[{"name":"wp","href":"https:\/\/api.w.org\/{rel}","templated":true}]}}