{"id":1324,"date":"2019-06-02T22:08:56","date_gmt":"2019-06-02T22:08:56","guid":{"rendered":"https:\/\/www.atrapasuenos.cl\/?p=1324"},"modified":"2019-06-02T22:08:56","modified_gmt":"2019-06-02T22:08:56","slug":"la-salud-mental-en-las-aulas","status":"publish","type":"post","link":"https:\/\/qa.atrapasuenos.cl\/?p=1324","title":{"rendered":"La Salud Mental en las aulas"},"content":{"rendered":"<div class=\"post\">\n<p>&nbsp;<\/p>\n<div class=\"post\">\n<p><a href=\"http:\/\/www.cetep.cl\/web\/wp-content\/uploads\/2019\/05\/EstudiantesWEB.jpg\" rel=\"lightbox[15980]\"><img loading=\"lazy\" decoding=\"async\" class=\"alignleft size-medium wp-image-16197\" title=\"EstudiantesWEB\" src=\"http:\/\/www.cetep.cl\/web\/wp-content\/uploads\/2019\/05\/EstudiantesWEB-300x200.jpg\" alt=\"\" width=\"300\" height=\"200\" \/><\/a><\/p>\n<p>En los \u00faltimos d\u00edas, la calidad de la\u00a0<strong>Salud Mental<\/strong>\u00a0en las aulas chilenas ha concentrado las miradas.<\/p>\n<p>Se trata de una realidad que afecta tanto a\u00a0<strong>estudiantes escolares<\/strong>como\u00a0<strong>universitarios<\/strong>, y aunque todos admiten que se trata de una situaci\u00f3n cr\u00edtica, pareciera que a\u00fan se est\u00e1 en fase de diagn\u00f3stico.<\/p>\n<p>De alguna manera, los medios de comunicaci\u00f3n se han hecho parte de dicho diagn\u00f3stico, dando cuenta de esta crisis de\u00a0<strong>Salud Mental<\/strong>que est\u00e1n viviendo los j\u00f3venes, a trav\u00e9s de una agenda noticiosa que recorre los casos de\u00a0<strong>bullying<\/strong>, excesiva\u00a0<strong>carga acad\u00e9mica<\/strong>\u00a0y\u00a0<strong>suicidios infanto-juveniles<\/strong>\u00a0que se ocultan en las instituciones de educaci\u00f3n del pa\u00eds.<\/p>\n<p>En este contexto, recientemente se dieron a conocer los resultados de la\u00a0<strong>Primera Encuesta Nacional de Salud Mental Universitaria<\/strong>, en la que participaron un total de 600 estudiantes, pertenecientes a la Universidad Cat\u00f3lica de Temuco, Universidad de Concepci\u00f3n y Universidad de Tarapac\u00e1.<\/p>\n<p>Seg\u00fan dicho estudio, cerca de la mitad de estos alumnos reconoce que sufre problemas como\u00a0<strong>depresi\u00f3n<\/strong>,\u00a0<strong>ansiedad<\/strong>\u00a0o\u00a0<strong>estr\u00e9s<\/strong>. Los datos indican que 44% de los alumnos acudi\u00f3 (33%) o est\u00e1 asistiendo (11%) a terapia psicol\u00f3gica. En tanto, 46% tiene s\u00edntomas depresivos, 46% muestra ansiedad, 54% padece estr\u00e9s y 30% tiene los tres problemas a la vez.<\/p>\n<p>Con todo, colegios y universidades se enfrentan a un desaf\u00edo que exige acciones oportunas, tanto a nivel de\u00a0<strong>prevenci\u00f3n<\/strong>,\u00a0<strong>acompa\u00f1amiento<\/strong>\u00a0y\u00a0<strong>tratamiento<\/strong>, para que la comunidad estudiantil sepa anticiparse y responder adecuadamente en t\u00e9rminos de cuidar la\u00a0<strong>Salud Mental<\/strong>\u00a0de sus estudiantes.<\/p>\n<p>Cr\u00e9dito imagen: La Tercera<\/p>\n<\/div>\n<\/div>\n","protected":false},"excerpt":{"rendered":"<p>&nbsp; En los \u00faltimos d\u00edas, la calidad de la\u00a0Salud Mental\u00a0en las aulas chilenas ha concentrado las miradas. Se trata de una realidad que afecta tanto a\u00a0estudiantes escolarescomo\u00a0universitarios, y aunque todos admiten que se trata de una situaci\u00f3n cr\u00edtica, pareciera que a\u00fan se est\u00e1 en fase de diagn\u00f3stico. De alguna manera, los medios de comunicaci\u00f3n se han hecho parte de dicho [&hellip;]<\/p>\n","protected":false},"author":3,"featured_media":1325,"comment_status":"closed","ping_status":"open","sticky":false,"template":"","format":"standard","meta":{"footnotes":""},"categories":[6],"tags":[],"class_list":["post-1324","post","type-post","status-publish","format-standard","has-post-thumbnail","hentry","category-noticias"],"yoast_head":"<!-- This site is optimized with the Yoast SEO plugin v23.4 - https:\/\/yoast.com\/wordpress\/plugins\/seo\/ -->\n<title>La Salud Mental en las aulas - Corporaci\u00f3n Atrapasue\u00f1os<\/title>\n<meta name=\"robots\" content=\"index, follow, max-snippet:-1, max-image-preview:large, max-video-preview:-1\" \/>\n<link rel=\"canonical\" href=\"https:\/\/qa.atrapasuenos.cl\/?p=1324\" \/>\n<meta property=\"og:locale\" content=\"es_ES\" \/>\n<meta property=\"og:type\" content=\"article\" \/>\n<meta property=\"og:title\" content=\"La Salud Mental en las aulas - Corporaci\u00f3n Atrapasue\u00f1os\" \/>\n<meta property=\"og:description\" content=\"&nbsp; En los \u00faltimos d\u00edas, la calidad de la\u00a0Salud Mental\u00a0en las aulas chilenas ha concentrado las miradas. Se trata de una realidad que afecta tanto a\u00a0estudiantes escolarescomo\u00a0universitarios, y aunque todos admiten que se trata de una situaci\u00f3n cr\u00edtica, pareciera que a\u00fan se est\u00e1 en fase de diagn\u00f3stico. De alguna manera, los medios de comunicaci\u00f3n se han hecho parte de dicho [&hellip;]\" \/>\n<meta property=\"og:url\" content=\"https:\/\/qa.atrapasuenos.cl\/?p=1324\" \/>\n<meta property=\"og:site_name\" content=\"Corporaci\u00f3n Atrapasue\u00f1os\" \/>\n<meta property=\"article:publisher\" content=\"https:\/\/www.facebook.com\/atrapasuenos.cl\" \/>\n<meta property=\"article:published_time\" content=\"2019-06-02T22:08:56+00:00\" \/>\n<meta property=\"og:image\" content=\"https:\/\/qa.atrapasuenos.cl\/wp-content\/uploads\/2019\/06\/aaaa.jpg\" \/>\n\t<meta property=\"og:image:width\" content=\"960\" \/>\n\t<meta property=\"og:image:height\" content=\"640\" \/>\n\t<meta property=\"og:image:type\" content=\"image\/jpeg\" \/>\n<meta name=\"author\" content=\"Atrapasue\u00f1os\" \/>\n<meta name=\"twitter:card\" content=\"summary_large_image\" \/>\n<meta name=\"twitter:label1\" content=\"Escrito por\" \/>\n\t<meta name=\"twitter:data1\" content=\"Atrapasue\u00f1os\" \/>\n\t<meta name=\"twitter:label2\" content=\"Tiempo de lectura\" \/>\n\t<meta name=\"twitter:data2\" content=\"1 minuto\" \/>\n<script type=\"application\/ld+json\" class=\"yoast-schema-graph\">{\"@context\":\"https:\/\/schema.org\",\"@graph\":[{\"@type\":\"Article\",\"@id\":\"https:\/\/qa.atrapasuenos.cl\/?p=1324#article\",\"isPartOf\":{\"@id\":\"https:\/\/qa.atrapasuenos.cl\/?p=1324\"},\"author\":{\"name\":\"Atrapasue\u00f1os\",\"@id\":\"https:\/\/qa.atrapasuenos.cl\/#\/schema\/person\/26cd704da6e4c46b8f6cb5b8bdb48ddb\"},\"headline\":\"La Salud Mental en las aulas\",\"datePublished\":\"2019-06-02T22:08:56+00:00\",\"dateModified\":\"2019-06-02T22:08:56+00:00\",\"mainEntityOfPage\":{\"@id\":\"https:\/\/qa.atrapasuenos.cl\/?p=1324\"},\"wordCount\":274,\"publisher\":{\"@id\":\"https:\/\/qa.atrapasuenos.cl\/#organization\"},\"image\":{\"@id\":\"https:\/\/qa.atrapasuenos.cl\/?p=1324#primaryimage\"},\"thumbnailUrl\":\"https:\/\/qa.atrapasuenos.cl\/wp-content\/uploads\/2019\/06\/aaaa.jpg\",\"articleSection\":[\"NOTICIAS\"],\"inLanguage\":\"es\"},{\"@type\":\"WebPage\",\"@id\":\"https:\/\/qa.atrapasuenos.cl\/?p=1324\",\"url\":\"https:\/\/qa.atrapasuenos.cl\/?p=1324\",\"name\":\"La Salud Mental en las aulas - Corporaci\u00f3n Atrapasue\u00f1os\",\"isPartOf\":{\"@id\":\"https:\/\/qa.atrapasuenos.cl\/#website\"},\"primaryImageOfPage\":{\"@id\":\"https:\/\/qa.atrapasuenos.cl\/?p=1324#primaryimage\"},\"image\":{\"@id\":\"https:\/\/qa.atrapasuenos.cl\/?p=1324#primaryimage\"},\"thumbnailUrl\":\"https:\/\/qa.atrapasuenos.cl\/wp-content\/uploads\/2019\/06\/aaaa.jpg\",\"datePublished\":\"2019-06-02T22:08:56+00:00\",\"dateModified\":\"2019-06-02T22:08:56+00:00\",\"breadcrumb\":{\"@id\":\"https:\/\/qa.atrapasuenos.cl\/?p=1324#breadcrumb\"},\"inLanguage\":\"es\",\"potentialAction\":[{\"@type\":\"ReadAction\",\"target\":[\"https:\/\/qa.atrapasuenos.cl\/?p=1324\"]}]},{\"@type\":\"ImageObject\",\"inLanguage\":\"es\",\"@id\":\"https:\/\/qa.atrapasuenos.cl\/?p=1324#primaryimage\",\"url\":\"https:\/\/qa.atrapasuenos.cl\/wp-content\/uploads\/2019\/06\/aaaa.jpg\",\"contentUrl\":\"https:\/\/qa.atrapasuenos.cl\/wp-content\/uploads\/2019\/06\/aaaa.jpg\",\"width\":960,\"height\":640},{\"@type\":\"BreadcrumbList\",\"@id\":\"https:\/\/qa.atrapasuenos.cl\/?p=1324#breadcrumb\",\"itemListElement\":[{\"@type\":\"ListItem\",\"position\":1,\"name\":\"Portada\",\"item\":\"https:\/\/qa.atrapasuenos.cl\/\"},{\"@type\":\"ListItem\",\"position\":2,\"name\":\"La Salud Mental en las aulas\"}]},{\"@type\":\"WebSite\",\"@id\":\"https:\/\/qa.atrapasuenos.cl\/#website\",\"url\":\"https:\/\/qa.atrapasuenos.cl\/\",\"name\":\"Corporaci\u00f3n Atrapasue\u00f1os\",\"description\":\"ILUMINA UNA VIDA, DONA SALUD MENTAL\",\"publisher\":{\"@id\":\"https:\/\/qa.atrapasuenos.cl\/#organization\"},\"potentialAction\":[{\"@type\":\"SearchAction\",\"target\":{\"@type\":\"EntryPoint\",\"urlTemplate\":\"https:\/\/qa.atrapasuenos.cl\/?s={search_term_string}\"},\"query-input\":{\"@type\":\"PropertyValueSpecification\",\"valueRequired\":true,\"valueName\":\"search_term_string\"}}],\"inLanguage\":\"es\"},{\"@type\":\"Organization\",\"@id\":\"https:\/\/qa.atrapasuenos.cl\/#organization\",\"name\":\"Corporaci\u00f3n Atrapasue\u00f1os\",\"url\":\"https:\/\/qa.atrapasuenos.cl\/\",\"logo\":{\"@type\":\"ImageObject\",\"inLanguage\":\"es\",\"@id\":\"https:\/\/qa.atrapasuenos.cl\/#\/schema\/logo\/image\/\",\"url\":\"http:\/\/www.atrapasuenos.cl\/wp-content\/uploads\/2021\/12\/GC_ATRAPASUENOS.png\",\"contentUrl\":\"http:\/\/www.atrapasuenos.cl\/wp-content\/uploads\/2021\/12\/GC_ATRAPASUENOS.png\",\"width\":300,\"height\":300,\"caption\":\"Corporaci\u00f3n Atrapasue\u00f1os\"},\"image\":{\"@id\":\"https:\/\/qa.atrapasuenos.cl\/#\/schema\/logo\/image\/\"},\"sameAs\":[\"https:\/\/www.facebook.com\/atrapasuenos.cl\",\"https:\/\/www.instagram.com\/atrapasuenos.corp\/\"]},{\"@type\":\"Person\",\"@id\":\"https:\/\/qa.atrapasuenos.cl\/#\/schema\/person\/26cd704da6e4c46b8f6cb5b8bdb48ddb\",\"name\":\"Atrapasue\u00f1os\",\"url\":\"https:\/\/qa.atrapasuenos.cl\/?author=3\"}]}<\/script>\n<!-- \/ Yoast SEO plugin. -->","yoast_head_json":{"title":"La Salud Mental en las aulas - Corporaci\u00f3n Atrapasue\u00f1os","robots":{"index":"index","follow":"follow","max-snippet":"max-snippet:-1","max-image-preview":"max-image-preview:large","max-video-preview":"max-video-preview:-1"},"canonical":"https:\/\/qa.atrapasuenos.cl\/?p=1324","og_locale":"es_ES","og_type":"article","og_title":"La Salud Mental en las aulas - Corporaci\u00f3n Atrapasue\u00f1os","og_description":"&nbsp; En los \u00faltimos d\u00edas, la calidad de la\u00a0Salud Mental\u00a0en las aulas chilenas ha concentrado las miradas. Se trata de una realidad que afecta tanto a\u00a0estudiantes escolarescomo\u00a0universitarios, y aunque todos admiten que se trata de una situaci\u00f3n cr\u00edtica, pareciera que a\u00fan se est\u00e1 en fase de diagn\u00f3stico. De alguna manera, los medios de comunicaci\u00f3n se han hecho parte de dicho [&hellip;]","og_url":"https:\/\/qa.atrapasuenos.cl\/?p=1324","og_site_name":"Corporaci\u00f3n Atrapasue\u00f1os","article_publisher":"https:\/\/www.facebook.com\/atrapasuenos.cl","article_published_time":"2019-06-02T22:08:56+00:00","og_image":[{"width":960,"height":640,"url":"https:\/\/qa.atrapasuenos.cl\/wp-content\/uploads\/2019\/06\/aaaa.jpg","type":"image\/jpeg"}],"author":"Atrapasue\u00f1os","twitter_card":"summary_large_image","twitter_misc":{"Escrito por":"Atrapasue\u00f1os","Tiempo de lectura":"1 minuto"},"schema":{"@context":"https:\/\/schema.org","@graph":[{"@type":"Article","@id":"https:\/\/qa.atrapasuenos.cl\/?p=1324#article","isPartOf":{"@id":"https:\/\/qa.atrapasuenos.cl\/?p=1324"},"author":{"name":"Atrapasue\u00f1os","@id":"https:\/\/qa.atrapasuenos.cl\/#\/schema\/person\/26cd704da6e4c46b8f6cb5b8bdb48ddb"},"headline":"La Salud Mental en las aulas","datePublished":"2019-06-02T22:08:56+00:00","dateModified":"2019-06-02T22:08:56+00:00","mainEntityOfPage":{"@id":"https:\/\/qa.atrapasuenos.cl\/?p=1324"},"wordCount":274,"publisher":{"@id":"https:\/\/qa.atrapasuenos.cl\/#organization"},"image":{"@id":"https:\/\/qa.atrapasuenos.cl\/?p=1324#primaryimage"},"thumbnailUrl":"https:\/\/qa.atrapasuenos.cl\/wp-content\/uploads\/2019\/06\/aaaa.jpg","articleSection":["NOTICIAS"],"inLanguage":"es"},{"@type":"WebPage","@id":"https:\/\/qa.atrapasuenos.cl\/?p=1324","url":"https:\/\/qa.atrapasuenos.cl\/?p=1324","name":"La Salud Mental en las aulas - Corporaci\u00f3n Atrapasue\u00f1os","isPartOf":{"@id":"https:\/\/qa.atrapasuenos.cl\/#website"},"primaryImageOfPage":{"@id":"https:\/\/qa.atrapasuenos.cl\/?p=1324#primaryimage"},"image":{"@id":"https:\/\/qa.atrapasuenos.cl\/?p=1324#primaryimage"},"thumbnailUrl":"https:\/\/qa.atrapasuenos.cl\/wp-content\/uploads\/2019\/06\/aaaa.jpg","datePublished":"2019-06-02T22:08:56+00:00","dateModified":"2019-06-02T22:08:56+00:00","breadcrumb":{"@id":"https:\/\/qa.atrapasuenos.cl\/?p=1324#breadcrumb"},"inLanguage":"es","potentialAction":[{"@type":"ReadAction","target":["https:\/\/qa.atrapasuenos.cl\/?p=1324"]}]},{"@type":"ImageObject","inLanguage":"es","@id":"https:\/\/qa.atrapasuenos.cl\/?p=1324#primaryimage","url":"https:\/\/qa.atrapasuenos.cl\/wp-content\/uploads\/2019\/06\/aaaa.jpg","contentUrl":"https:\/\/qa.atrapasuenos.cl\/wp-content\/uploads\/2019\/06\/aaaa.jpg","width":960,"height":640},{"@type":"BreadcrumbList","@id":"https:\/\/qa.atrapasuenos.cl\/?p=1324#breadcrumb","itemListElement":[{"@type":"ListItem","position":1,"name":"Portada","item":"https:\/\/qa.atrapasuenos.cl\/"},{"@type":"ListItem","position":2,"name":"La Salud Mental en las aulas"}]},{"@type":"WebSite","@id":"https:\/\/qa.atrapasuenos.cl\/#website","url":"https:\/\/qa.atrapasuenos.cl\/","name":"Corporaci\u00f3n Atrapasue\u00f1os","description":"ILUMINA UNA VIDA, DONA SALUD MENTAL","publisher":{"@id":"https:\/\/qa.atrapasuenos.cl\/#organization"},"potentialAction":[{"@type":"SearchAction","target":{"@type":"EntryPoint","urlTemplate":"https:\/\/qa.atrapasuenos.cl\/?s={search_term_string}"},"query-input":{"@type":"PropertyValueSpecification","valueRequired":true,"valueName":"search_term_string"}}],"inLanguage":"es"},{"@type":"Organization","@id":"https:\/\/qa.atrapasuenos.cl\/#organization","name":"Corporaci\u00f3n Atrapasue\u00f1os","url":"https:\/\/qa.atrapasuenos.cl\/","logo":{"@type":"ImageObject","inLanguage":"es","@id":"https:\/\/qa.atrapasuenos.cl\/#\/schema\/logo\/image\/","url":"http:\/\/www.atrapasuenos.cl\/wp-content\/uploads\/2021\/12\/GC_ATRAPASUENOS.png","contentUrl":"http:\/\/www.atrapasuenos.cl\/wp-content\/uploads\/2021\/12\/GC_ATRAPASUENOS.png","width":300,"height":300,"caption":"Corporaci\u00f3n Atrapasue\u00f1os"},"image":{"@id":"https:\/\/qa.atrapasuenos.cl\/#\/schema\/logo\/image\/"},"sameAs":["https:\/\/www.facebook.com\/atrapasuenos.cl","https:\/\/www.instagram.com\/atrapasuenos.corp\/"]},{"@type":"Person","@id":"https:\/\/qa.atrapasuenos.cl\/#\/schema\/person\/26cd704da6e4c46b8f6cb5b8bdb48ddb","name":"Atrapasue\u00f1os","url":"https:\/\/qa.atrapasuenos.cl\/?author=3"}]}},"_links":{"self":[{"href":"https:\/\/qa.atrapasuenos.cl\/index.php?rest_route=\/wp\/v2\/posts\/1324","targetHints":{"allow":["GET"]}}],"collection":[{"href":"https:\/\/qa.atrapasuenos.cl\/index.php?rest_route=\/wp\/v2\/posts"}],"about":[{"href":"https:\/\/qa.atrapasuenos.cl\/index.php?rest_route=\/wp\/v2\/types\/post"}],"author":[{"embeddable":true,"href":"https:\/\/qa.atrapasuenos.cl\/index.php?rest_route=\/wp\/v2\/users\/3"}],"replies":[{"embeddable":true,"href":"https:\/\/qa.atrapasuenos.cl\/index.php?rest_route=%2Fwp%2Fv2%2Fcomments&post=1324"}],"version-history":[{"count":1,"href":"https:\/\/qa.atrapasuenos.cl\/index.php?rest_route=\/wp\/v2\/posts\/1324\/revisions"}],"predecessor-version":[{"id":1326,"href":"https:\/\/qa.atrapasuenos.cl\/index.php?rest_route=\/wp\/v2\/posts\/1324\/revisions\/1326"}],"wp:featuredmedia":[{"embeddable":true,"href":"https:\/\/qa.atrapasuenos.cl\/index.php?rest_route=\/wp\/v2\/media\/1325"}],"wp:attachment":[{"href":"https:\/\/qa.atrapasuenos.cl\/index.php?rest_route=%2Fwp%2Fv2%2Fmedia&parent=1324"}],"wp:term":[{"taxonomy":"category","embeddable":true,"href":"https:\/\/qa.atrapasuenos.cl\/index.php?rest_route=%2Fwp%2Fv2%2Fcategories&post=1324"},{"taxonomy":"post_tag","embeddable":true,"href":"https:\/\/qa.atrapasuenos.cl\/index.php?rest_route=%2Fwp%2Fv2%2Ftags&post=1324"}],"curies":[{"name":"wp","href":"https:\/\/api.w.org\/{rel}","templated":true}]}}