{"id":1300,"date":"2019-01-24T15:56:45","date_gmt":"2019-01-24T15:56:45","guid":{"rendered":"https:\/\/www.atrapasuenos.cl\/?p=1300"},"modified":"2019-01-24T15:57:16","modified_gmt":"2019-01-24T15:57:16","slug":"suicidio-13-escolares-se-quitaron-la-vida-en-santiago-en-2018-y-es-la-segunda-causa-de-muerte-en-adolescentes-en-el-pais","status":"publish","type":"post","link":"https:\/\/qa.atrapasuenos.cl\/?p=1300","title":{"rendered":"Suicidio: 13 escolares se quitaron la vida en Santiago en 2018 y es la segunda causa de muerte en adolescentes en el pa\u00eds"},"content":{"rendered":"<p><a href=\"http:\/\/www.cetep.cl\/web\/wp-content\/uploads\/2019\/01\/escolares.jpg\" rel=\"lightbox[15372]\"><img loading=\"lazy\" decoding=\"async\" class=\"alignleft size-medium wp-image-15375\" title=\"escolares\" src=\"http:\/\/www.cetep.cl\/web\/wp-content\/uploads\/2019\/01\/escolares-300x200.jpg\" alt=\"\" width=\"300\" height=\"200\" \/><\/a><\/p>\n<p>Los datos del Minsal muestran que el\u00a0<strong>suicidio<\/strong>\u00a0es la segunda causa de muerte en\u00a0<strong>ni\u00f1os<\/strong>\u00a0entre 8 y 18 a\u00f1os. En los \u00faltimos 10 a\u00f1os, la autoridad sanitaria registr\u00f3\u00a0<strong>1.030 muertes por lesiones autoinfligidas intencionalmente<\/strong>. Las \u00faltimas cifras disgregadas sobre el tema de 2015 son alarmantes: 309 muertes, casi una por d\u00eda, entre los 10 y 24 a\u00f1os.<\/p>\n<p>\u201cFeliz cumplea\u00f1os Katy hermosa, extra\u00f1o mucho despertarte en la ma\u00f1ana, me hace falta tu risa contagiosa, tu voz cantando en la casa, tu energ\u00eda que nos mov\u00eda a nuevos lugares, descansa en Paz mi ni\u00f1a linda, te amo\u201d, escribi\u00f3 el 4 de noviembre de 2018 en Facebook Emanuel Pacheco, padrastro de la joven Katherine Winter quien ese d\u00eda debi\u00f3 haber cumplido 17 a\u00f1os. Meses antes, el 22 de mayo, la estudiante del colegio Nido de \u00c1guilas hab\u00eda determinado poner fin a su vida luego de haber sufrido, en las horas previas, un fuerte\u00a0<strong>acoso<\/strong>\u00a0en redes sociales tras haber asistido a una fiesta donde bes\u00f3 a un joven que ten\u00eda polola.<\/p>\n<p>El caso de Katy, cuya investigaci\u00f3n la Fiscal\u00eda est\u00e1 pronta a cerrar, puso en debate la situaci\u00f3n de los estudiantes de educaci\u00f3n b\u00e1sica y media que determinan no seguir viviendo, una decisi\u00f3n que en 2018 adoptaron, seg\u00fan confirma la Seremi de Educaci\u00f3n, B\u00e1rbara Soto, 13 j\u00f3venes en la Regi\u00f3n Metropolitana movidos por problemas familiares y, en gran parte, por haber sufrido\u00a0<strong>bullying<\/strong>\u00a0en sus establecimientos educacionales.<\/p>\n<p>Soto recalca que se construy\u00f3 \u201cun programa muy bien pensado, con muchos hitos y de repente se muri\u00f3 un ni\u00f1o, luego otro, y eso nos cambi\u00f3 las prioridades. No podemos esperar que un ni\u00f1o suba las notas si no quiere ir al colegio y, por lo mismo, empezamos a levantar una campa\u00f1a donde hemos capacitado a 5 mil profesores en\u00a0<strong>suicidio escolar<\/strong>\u00a0y\u00a0<strong>ciberacoso<\/strong>. La normativa exige tener un encargado en convivencia escolar, pero no siempre es la persona m\u00e1s capacitada, se ven sobrepasados, sin gente preparada\u201d.<\/p>\n<p>Lo m\u00e1s complejo es que, pese a todo, las muertes siguen produci\u00e9ndose. Este a\u00f1o ya dos estudiantes del Gran Santiago se han\u00a0<strong>suicidado<\/strong>. Una ni\u00f1a de 13 a\u00f1os en Til Til que seg\u00fan sus cercanos \u201cpololeaba\u201d con un hombre mayor de 40 a\u00f1os. Pese a lo evidente del delito, y a que el concepto \u201cpololeo\u201d no cabe en un v\u00ednculo de abuso, no hubo denuncias al respecto. Otro muchacho, en tanto, tambi\u00e9n se mat\u00f3.<\/p>\n<p><a href=\"http:\/\/www.cetep.cl\/web\/wp-content\/uploads\/2019\/01\/joven_depre.jpg\" rel=\"lightbox[15372]\"><img loading=\"lazy\" decoding=\"async\" class=\"alignright size-medium wp-image-15377\" title=\"joven_depre\" src=\"http:\/\/www.cetep.cl\/web\/wp-content\/uploads\/2019\/01\/joven_depre-200x300.jpg\" alt=\"\" width=\"200\" height=\"300\" \/><\/a><\/p>\n<p>Lo impactante de la situaci\u00f3n ha hecho que la titular de la cartera, Marcela Cubillos, requiera informaci\u00f3n a todos los Seremis para conocer la magnitud del problema y se hayan incorporado actividades al calendario escolar, como el Mes de la convivencia y una gu\u00eda para abordar el\u00a0<strong>bullying<\/strong>\u00a0y el\u00a0<strong>ciberbullying<\/strong>.<\/p>\n<p>Seg\u00fan explica la jefa de desarrollo de contenido de la fundaci\u00f3n Todo Mejora, Roc\u00edo Fa\u00fandez, que se ha especializado en este tema, las \u00faltimas cifras disgregadas del departamento de estad\u00edsticas del Ministerio de Salud que manejan son de 2015 y son alarmantes. Ese a\u00f1o hubo 309\u00a0<strong>suicidios de ni\u00f1os, adolescentes y j\u00f3venes<\/strong>, casi uno por d\u00eda. As\u00ed, detalla, entre los 10 y 14, hubo 21; entre los 15 y 19, 107; entre 20 y 24, 181.<\/p>\n<p>Tambi\u00e9n plantea, ha habido per\u00edodos puntuales de alza: \u201cPara el estreno de la segunda temporada de \u201813 Reasons why\u2019, Netflix se contact\u00f3 con la Fundaci\u00f3n para atender los llamados de quienes ten\u00edan tendencias suicidas. Ese fin de semana del 18 de mayo fue impresionante. Se pas\u00f3 de 4 atenciones en una hora a 40 y se mantuvo durante todo ese mes as\u00ed\u201d. Fue en esos d\u00edas cuando se suicid\u00f3 Katy Winter.<\/p>\n<h2>Las cifras<\/h2>\n<p>Los datos del Minsal muestran que el\u00a0<strong>suicidio<\/strong>\u00a0-despu\u00e9s de accidentes- es la\u00a0<strong>segunda causa de muerte en ni\u00f1os y adolescentes<\/strong>\u00a0entre 8 y 18 a\u00f1os. En los \u00faltimos 10 a\u00f1os, la autoridad sanitaria registr\u00f3 1.030 muertes por lesiones autoinfligidas en ese grupo etario.<\/p>\n<p>Si bien la tasa entre 2009 y 2013 fue de 4,3 por 100 mil habitantes, en el siguiente cuatrienio esta disminuy\u00f3 a 3 por 100 mil, lo que muestra una leve baja en los casos. Se trata de una tasa mucho menor a la registrada en los adultos, donde el fen\u00f3meno se da en 10,2 por 100 mil habitantes. Adem\u00e1s, son los hombres m\u00e1s que las mujeres, los que deciden terminar con sus vidas y del total los casos en ambos sexos, el 89% se quita la vida mediante el ahorcamiento, el estrangulamiento o la sofocaci\u00f3n.<\/p>\n<p>La situaci\u00f3n preocupa a las autoridades porque se trata de algo prevenible, y que debiera poder ser detectado previamente tanto por las\u00a0<strong>familias<\/strong>, los\u00a0<strong>colegios<\/strong>, y los\u00a0<strong>entornos sociales<\/strong>\u00a0de los ni\u00f1os.<\/p>\n<p>La subsecretaria de Salud P\u00fablica, Paula Daza, explic\u00f3 que de una persona que decide\u00a0<strong>suicidarse<\/strong>, sea ni\u00f1o o adulto, se estima que hay 20 que lo est\u00e1n intentando y 50 que lo est\u00e1n pensando, por ello se deben elevar las alertas para detectar a tiempo y evitar, en este caso en j\u00f3venes, que encuentren en la\u00a0<strong>muerte<\/strong>\u00a0el \u00fanico camino posible.<\/p>\n<p>Como se trata de un grupo en periodo escolar, Salud est\u00e1 ad portas de lanzar una\u00a0<strong>Gu\u00eda de Prevenci\u00f3n del Suicidio<\/strong>, la que se implementar\u00e1 al interior de los colegios. \u201cEsto es para generar un clima escolar y que los ni\u00f1os tengan\u00a0<strong>factores protectores<\/strong>, adem\u00e1s queremos sensibilizar a las personas, a las autoridades, a la comunidad y a los padres acerca del\u00a0<strong>suicidio<\/strong>\u201d.<\/p>\n<p>Daza agrega que a partir de la informaci\u00f3n disponible, una de las principales razones que provocan\u00a0<strong>trastornos mentales<\/strong>\u00a0y que pudieran derivar en un\u00a0<strong>suicidio<\/strong>\u00a0son el\u00a0<strong>bullying<\/strong>, y el\u00a0<strong>ciberbullying<\/strong>.<\/p>\n<p>Por su parte, el diputado UDI Alvaro Carter, quien ha seguido el tema y solicitado informaci\u00f3n, dijo que oficiar\u00e1 al Minsal pidiendo \u201cm\u00e1s horas m\u00e9dicas psiqui\u00e1tricas y la creaci\u00f3n de hospitales psiqui\u00e1tricos en regiones ya que es un problema grave y Minsal no tiene la posibilidad de atender\u00e1 los afectados de forma continua\u201d, explic\u00f3.<\/p>\n<p><a href=\"https:\/\/www.latercera.com\/la-tercera-pm\/noticia\/suicidio-13-escolares-se-quitaron-la-vida-en-santiago-en-2018-y-es-la-segunda-causa-de-muerte-en-adolescentes-en-el-pais\/494216\/\">Fuente: La Tercera<\/a><\/p>\n<p>Foto 1: AGENCIA UNO<\/p>\n<p>Foto 2: Pixabay<\/p>\n","protected":false},"excerpt":{"rendered":"<p>Los datos del Minsal muestran que el\u00a0suicidio\u00a0es la segunda causa de muerte en\u00a0ni\u00f1os\u00a0entre 8 y 18 a\u00f1os. En los \u00faltimos 10 a\u00f1os, la autoridad sanitaria registr\u00f3\u00a01.030 muertes por lesiones autoinfligidas intencionalmente. Las \u00faltimas cifras disgregadas sobre el tema de 2015 son alarmantes: 309 muertes, casi una por d\u00eda, entre los 10 y 24 a\u00f1os. \u201cFeliz cumplea\u00f1os Katy hermosa, extra\u00f1o mucho [&hellip;]<\/p>\n","protected":false},"author":3,"featured_media":1301,"comment_status":"closed","ping_status":"open","sticky":false,"template":"","format":"standard","meta":{"footnotes":""},"categories":[6,1],"tags":[],"class_list":["post-1300","post","type-post","status-publish","format-standard","has-post-thumbnail","hentry","category-noticias","category-sin-categoria"],"yoast_head":"<!-- This site is optimized with the Yoast SEO plugin v23.4 - https:\/\/yoast.com\/wordpress\/plugins\/seo\/ -->\n<title>Suicidio: 13 escolares se quitaron la vida en Santiago en 2018 y es la segunda causa de muerte en adolescentes en el pa\u00eds - Corporaci\u00f3n Atrapasue\u00f1os<\/title>\n<meta name=\"robots\" content=\"index, follow, max-snippet:-1, max-image-preview:large, max-video-preview:-1\" \/>\n<link rel=\"canonical\" href=\"https:\/\/qa.atrapasuenos.cl\/?p=1300\" \/>\n<meta property=\"og:locale\" content=\"es_ES\" \/>\n<meta property=\"og:type\" content=\"article\" \/>\n<meta property=\"og:title\" content=\"Suicidio: 13 escolares se quitaron la vida en Santiago en 2018 y es la segunda causa de muerte en adolescentes en el pa\u00eds - Corporaci\u00f3n Atrapasue\u00f1os\" \/>\n<meta property=\"og:description\" content=\"Los datos del Minsal muestran que el\u00a0suicidio\u00a0es la segunda causa de muerte en\u00a0ni\u00f1os\u00a0entre 8 y 18 a\u00f1os. En los \u00faltimos 10 a\u00f1os, la autoridad sanitaria registr\u00f3\u00a01.030 muertes por lesiones autoinfligidas intencionalmente. Las \u00faltimas cifras disgregadas sobre el tema de 2015 son alarmantes: 309 muertes, casi una por d\u00eda, entre los 10 y 24 a\u00f1os. \u201cFeliz cumplea\u00f1os Katy hermosa, extra\u00f1o mucho [&hellip;]\" \/>\n<meta property=\"og:url\" content=\"https:\/\/qa.atrapasuenos.cl\/?p=1300\" \/>\n<meta property=\"og:site_name\" content=\"Corporaci\u00f3n Atrapasue\u00f1os\" \/>\n<meta property=\"article:publisher\" content=\"https:\/\/www.facebook.com\/atrapasuenos.cl\" \/>\n<meta property=\"article:published_time\" content=\"2019-01-24T15:56:45+00:00\" \/>\n<meta property=\"article:modified_time\" content=\"2019-01-24T15:57:16+00:00\" \/>\n<meta property=\"og:image\" content=\"https:\/\/qa.atrapasuenos.cl\/wp-content\/uploads\/2019\/01\/worried-girl-413690_1920.jpg\" \/>\n\t<meta property=\"og:image:width\" content=\"1920\" \/>\n\t<meta property=\"og:image:height\" content=\"1280\" \/>\n\t<meta property=\"og:image:type\" content=\"image\/jpeg\" \/>\n<meta name=\"author\" content=\"Atrapasue\u00f1os\" \/>\n<meta name=\"twitter:card\" content=\"summary_large_image\" \/>\n<meta name=\"twitter:label1\" content=\"Escrito por\" \/>\n\t<meta name=\"twitter:data1\" content=\"Atrapasue\u00f1os\" \/>\n\t<meta name=\"twitter:label2\" content=\"Tiempo de lectura\" \/>\n\t<meta name=\"twitter:data2\" content=\"5 minutos\" \/>\n<script type=\"application\/ld+json\" class=\"yoast-schema-graph\">{\"@context\":\"https:\/\/schema.org\",\"@graph\":[{\"@type\":\"Article\",\"@id\":\"https:\/\/qa.atrapasuenos.cl\/?p=1300#article\",\"isPartOf\":{\"@id\":\"https:\/\/qa.atrapasuenos.cl\/?p=1300\"},\"author\":{\"name\":\"Atrapasue\u00f1os\",\"@id\":\"https:\/\/qa.atrapasuenos.cl\/#\/schema\/person\/26cd704da6e4c46b8f6cb5b8bdb48ddb\"},\"headline\":\"Suicidio: 13 escolares se quitaron la vida en Santiago en 2018 y es la segunda causa de muerte en adolescentes en el pa\u00eds\",\"datePublished\":\"2019-01-24T15:56:45+00:00\",\"dateModified\":\"2019-01-24T15:57:16+00:00\",\"mainEntityOfPage\":{\"@id\":\"https:\/\/qa.atrapasuenos.cl\/?p=1300\"},\"wordCount\":1043,\"publisher\":{\"@id\":\"https:\/\/qa.atrapasuenos.cl\/#organization\"},\"image\":{\"@id\":\"https:\/\/qa.atrapasuenos.cl\/?p=1300#primaryimage\"},\"thumbnailUrl\":\"https:\/\/qa.atrapasuenos.cl\/wp-content\/uploads\/2019\/01\/worried-girl-413690_1920.jpg\",\"articleSection\":[\"NOTICIAS\"],\"inLanguage\":\"es\"},{\"@type\":\"WebPage\",\"@id\":\"https:\/\/qa.atrapasuenos.cl\/?p=1300\",\"url\":\"https:\/\/qa.atrapasuenos.cl\/?p=1300\",\"name\":\"Suicidio: 13 escolares se quitaron la vida en Santiago en 2018 y es la segunda causa de muerte en adolescentes en el pa\u00eds - Corporaci\u00f3n Atrapasue\u00f1os\",\"isPartOf\":{\"@id\":\"https:\/\/qa.atrapasuenos.cl\/#website\"},\"primaryImageOfPage\":{\"@id\":\"https:\/\/qa.atrapasuenos.cl\/?p=1300#primaryimage\"},\"image\":{\"@id\":\"https:\/\/qa.atrapasuenos.cl\/?p=1300#primaryimage\"},\"thumbnailUrl\":\"https:\/\/qa.atrapasuenos.cl\/wp-content\/uploads\/2019\/01\/worried-girl-413690_1920.jpg\",\"datePublished\":\"2019-01-24T15:56:45+00:00\",\"dateModified\":\"2019-01-24T15:57:16+00:00\",\"breadcrumb\":{\"@id\":\"https:\/\/qa.atrapasuenos.cl\/?p=1300#breadcrumb\"},\"inLanguage\":\"es\",\"potentialAction\":[{\"@type\":\"ReadAction\",\"target\":[\"https:\/\/qa.atrapasuenos.cl\/?p=1300\"]}]},{\"@type\":\"ImageObject\",\"inLanguage\":\"es\",\"@id\":\"https:\/\/qa.atrapasuenos.cl\/?p=1300#primaryimage\",\"url\":\"https:\/\/qa.atrapasuenos.cl\/wp-content\/uploads\/2019\/01\/worried-girl-413690_1920.jpg\",\"contentUrl\":\"https:\/\/qa.atrapasuenos.cl\/wp-content\/uploads\/2019\/01\/worried-girl-413690_1920.jpg\",\"width\":1920,\"height\":1280},{\"@type\":\"BreadcrumbList\",\"@id\":\"https:\/\/qa.atrapasuenos.cl\/?p=1300#breadcrumb\",\"itemListElement\":[{\"@type\":\"ListItem\",\"position\":1,\"name\":\"Portada\",\"item\":\"https:\/\/qa.atrapasuenos.cl\/\"},{\"@type\":\"ListItem\",\"position\":2,\"name\":\"Suicidio: 13 escolares se quitaron la vida en Santiago en 2018 y es la segunda causa de muerte en adolescentes en el pa\u00eds\"}]},{\"@type\":\"WebSite\",\"@id\":\"https:\/\/qa.atrapasuenos.cl\/#website\",\"url\":\"https:\/\/qa.atrapasuenos.cl\/\",\"name\":\"Corporaci\u00f3n Atrapasue\u00f1os\",\"description\":\"ILUMINA UNA VIDA, DONA SALUD MENTAL\",\"publisher\":{\"@id\":\"https:\/\/qa.atrapasuenos.cl\/#organization\"},\"potentialAction\":[{\"@type\":\"SearchAction\",\"target\":{\"@type\":\"EntryPoint\",\"urlTemplate\":\"https:\/\/qa.atrapasuenos.cl\/?s={search_term_string}\"},\"query-input\":{\"@type\":\"PropertyValueSpecification\",\"valueRequired\":true,\"valueName\":\"search_term_string\"}}],\"inLanguage\":\"es\"},{\"@type\":\"Organization\",\"@id\":\"https:\/\/qa.atrapasuenos.cl\/#organization\",\"name\":\"Corporaci\u00f3n Atrapasue\u00f1os\",\"url\":\"https:\/\/qa.atrapasuenos.cl\/\",\"logo\":{\"@type\":\"ImageObject\",\"inLanguage\":\"es\",\"@id\":\"https:\/\/qa.atrapasuenos.cl\/#\/schema\/logo\/image\/\",\"url\":\"http:\/\/www.atrapasuenos.cl\/wp-content\/uploads\/2021\/12\/GC_ATRAPASUENOS.png\",\"contentUrl\":\"http:\/\/www.atrapasuenos.cl\/wp-content\/uploads\/2021\/12\/GC_ATRAPASUENOS.png\",\"width\":300,\"height\":300,\"caption\":\"Corporaci\u00f3n Atrapasue\u00f1os\"},\"image\":{\"@id\":\"https:\/\/qa.atrapasuenos.cl\/#\/schema\/logo\/image\/\"},\"sameAs\":[\"https:\/\/www.facebook.com\/atrapasuenos.cl\",\"https:\/\/www.instagram.com\/atrapasuenos.corp\/\"]},{\"@type\":\"Person\",\"@id\":\"https:\/\/qa.atrapasuenos.cl\/#\/schema\/person\/26cd704da6e4c46b8f6cb5b8bdb48ddb\",\"name\":\"Atrapasue\u00f1os\",\"url\":\"https:\/\/qa.atrapasuenos.cl\/?author=3\"}]}<\/script>\n<!-- \/ Yoast SEO plugin. -->","yoast_head_json":{"title":"Suicidio: 13 escolares se quitaron la vida en Santiago en 2018 y es la segunda causa de muerte en adolescentes en el pa\u00eds - Corporaci\u00f3n Atrapasue\u00f1os","robots":{"index":"index","follow":"follow","max-snippet":"max-snippet:-1","max-image-preview":"max-image-preview:large","max-video-preview":"max-video-preview:-1"},"canonical":"https:\/\/qa.atrapasuenos.cl\/?p=1300","og_locale":"es_ES","og_type":"article","og_title":"Suicidio: 13 escolares se quitaron la vida en Santiago en 2018 y es la segunda causa de muerte en adolescentes en el pa\u00eds - Corporaci\u00f3n Atrapasue\u00f1os","og_description":"Los datos del Minsal muestran que el\u00a0suicidio\u00a0es la segunda causa de muerte en\u00a0ni\u00f1os\u00a0entre 8 y 18 a\u00f1os. En los \u00faltimos 10 a\u00f1os, la autoridad sanitaria registr\u00f3\u00a01.030 muertes por lesiones autoinfligidas intencionalmente. Las \u00faltimas cifras disgregadas sobre el tema de 2015 son alarmantes: 309 muertes, casi una por d\u00eda, entre los 10 y 24 a\u00f1os. \u201cFeliz cumplea\u00f1os Katy hermosa, extra\u00f1o mucho [&hellip;]","og_url":"https:\/\/qa.atrapasuenos.cl\/?p=1300","og_site_name":"Corporaci\u00f3n Atrapasue\u00f1os","article_publisher":"https:\/\/www.facebook.com\/atrapasuenos.cl","article_published_time":"2019-01-24T15:56:45+00:00","article_modified_time":"2019-01-24T15:57:16+00:00","og_image":[{"width":1920,"height":1280,"url":"https:\/\/qa.atrapasuenos.cl\/wp-content\/uploads\/2019\/01\/worried-girl-413690_1920.jpg","type":"image\/jpeg"}],"author":"Atrapasue\u00f1os","twitter_card":"summary_large_image","twitter_misc":{"Escrito por":"Atrapasue\u00f1os","Tiempo de lectura":"5 minutos"},"schema":{"@context":"https:\/\/schema.org","@graph":[{"@type":"Article","@id":"https:\/\/qa.atrapasuenos.cl\/?p=1300#article","isPartOf":{"@id":"https:\/\/qa.atrapasuenos.cl\/?p=1300"},"author":{"name":"Atrapasue\u00f1os","@id":"https:\/\/qa.atrapasuenos.cl\/#\/schema\/person\/26cd704da6e4c46b8f6cb5b8bdb48ddb"},"headline":"Suicidio: 13 escolares se quitaron la vida en Santiago en 2018 y es la segunda causa de muerte en adolescentes en el pa\u00eds","datePublished":"2019-01-24T15:56:45+00:00","dateModified":"2019-01-24T15:57:16+00:00","mainEntityOfPage":{"@id":"https:\/\/qa.atrapasuenos.cl\/?p=1300"},"wordCount":1043,"publisher":{"@id":"https:\/\/qa.atrapasuenos.cl\/#organization"},"image":{"@id":"https:\/\/qa.atrapasuenos.cl\/?p=1300#primaryimage"},"thumbnailUrl":"https:\/\/qa.atrapasuenos.cl\/wp-content\/uploads\/2019\/01\/worried-girl-413690_1920.jpg","articleSection":["NOTICIAS"],"inLanguage":"es"},{"@type":"WebPage","@id":"https:\/\/qa.atrapasuenos.cl\/?p=1300","url":"https:\/\/qa.atrapasuenos.cl\/?p=1300","name":"Suicidio: 13 escolares se quitaron la vida en Santiago en 2018 y es la segunda causa de muerte en adolescentes en el pa\u00eds - Corporaci\u00f3n Atrapasue\u00f1os","isPartOf":{"@id":"https:\/\/qa.atrapasuenos.cl\/#website"},"primaryImageOfPage":{"@id":"https:\/\/qa.atrapasuenos.cl\/?p=1300#primaryimage"},"image":{"@id":"https:\/\/qa.atrapasuenos.cl\/?p=1300#primaryimage"},"thumbnailUrl":"https:\/\/qa.atrapasuenos.cl\/wp-content\/uploads\/2019\/01\/worried-girl-413690_1920.jpg","datePublished":"2019-01-24T15:56:45+00:00","dateModified":"2019-01-24T15:57:16+00:00","breadcrumb":{"@id":"https:\/\/qa.atrapasuenos.cl\/?p=1300#breadcrumb"},"inLanguage":"es","potentialAction":[{"@type":"ReadAction","target":["https:\/\/qa.atrapasuenos.cl\/?p=1300"]}]},{"@type":"ImageObject","inLanguage":"es","@id":"https:\/\/qa.atrapasuenos.cl\/?p=1300#primaryimage","url":"https:\/\/qa.atrapasuenos.cl\/wp-content\/uploads\/2019\/01\/worried-girl-413690_1920.jpg","contentUrl":"https:\/\/qa.atrapasuenos.cl\/wp-content\/uploads\/2019\/01\/worried-girl-413690_1920.jpg","width":1920,"height":1280},{"@type":"BreadcrumbList","@id":"https:\/\/qa.atrapasuenos.cl\/?p=1300#breadcrumb","itemListElement":[{"@type":"ListItem","position":1,"name":"Portada","item":"https:\/\/qa.atrapasuenos.cl\/"},{"@type":"ListItem","position":2,"name":"Suicidio: 13 escolares se quitaron la vida en Santiago en 2018 y es la segunda causa de muerte en adolescentes en el pa\u00eds"}]},{"@type":"WebSite","@id":"https:\/\/qa.atrapasuenos.cl\/#website","url":"https:\/\/qa.atrapasuenos.cl\/","name":"Corporaci\u00f3n Atrapasue\u00f1os","description":"ILUMINA UNA VIDA, DONA SALUD MENTAL","publisher":{"@id":"https:\/\/qa.atrapasuenos.cl\/#organization"},"potentialAction":[{"@type":"SearchAction","target":{"@type":"EntryPoint","urlTemplate":"https:\/\/qa.atrapasuenos.cl\/?s={search_term_string}"},"query-input":{"@type":"PropertyValueSpecification","valueRequired":true,"valueName":"search_term_string"}}],"inLanguage":"es"},{"@type":"Organization","@id":"https:\/\/qa.atrapasuenos.cl\/#organization","name":"Corporaci\u00f3n Atrapasue\u00f1os","url":"https:\/\/qa.atrapasuenos.cl\/","logo":{"@type":"ImageObject","inLanguage":"es","@id":"https:\/\/qa.atrapasuenos.cl\/#\/schema\/logo\/image\/","url":"http:\/\/www.atrapasuenos.cl\/wp-content\/uploads\/2021\/12\/GC_ATRAPASUENOS.png","contentUrl":"http:\/\/www.atrapasuenos.cl\/wp-content\/uploads\/2021\/12\/GC_ATRAPASUENOS.png","width":300,"height":300,"caption":"Corporaci\u00f3n Atrapasue\u00f1os"},"image":{"@id":"https:\/\/qa.atrapasuenos.cl\/#\/schema\/logo\/image\/"},"sameAs":["https:\/\/www.facebook.com\/atrapasuenos.cl","https:\/\/www.instagram.com\/atrapasuenos.corp\/"]},{"@type":"Person","@id":"https:\/\/qa.atrapasuenos.cl\/#\/schema\/person\/26cd704da6e4c46b8f6cb5b8bdb48ddb","name":"Atrapasue\u00f1os","url":"https:\/\/qa.atrapasuenos.cl\/?author=3"}]}},"_links":{"self":[{"href":"https:\/\/qa.atrapasuenos.cl\/index.php?rest_route=\/wp\/v2\/posts\/1300","targetHints":{"allow":["GET"]}}],"collection":[{"href":"https:\/\/qa.atrapasuenos.cl\/index.php?rest_route=\/wp\/v2\/posts"}],"about":[{"href":"https:\/\/qa.atrapasuenos.cl\/index.php?rest_route=\/wp\/v2\/types\/post"}],"author":[{"embeddable":true,"href":"https:\/\/qa.atrapasuenos.cl\/index.php?rest_route=\/wp\/v2\/users\/3"}],"replies":[{"embeddable":true,"href":"https:\/\/qa.atrapasuenos.cl\/index.php?rest_route=%2Fwp%2Fv2%2Fcomments&post=1300"}],"version-history":[{"count":1,"href":"https:\/\/qa.atrapasuenos.cl\/index.php?rest_route=\/wp\/v2\/posts\/1300\/revisions"}],"predecessor-version":[{"id":1302,"href":"https:\/\/qa.atrapasuenos.cl\/index.php?rest_route=\/wp\/v2\/posts\/1300\/revisions\/1302"}],"wp:featuredmedia":[{"embeddable":true,"href":"https:\/\/qa.atrapasuenos.cl\/index.php?rest_route=\/wp\/v2\/media\/1301"}],"wp:attachment":[{"href":"https:\/\/qa.atrapasuenos.cl\/index.php?rest_route=%2Fwp%2Fv2%2Fmedia&parent=1300"}],"wp:term":[{"taxonomy":"category","embeddable":true,"href":"https:\/\/qa.atrapasuenos.cl\/index.php?rest_route=%2Fwp%2Fv2%2Fcategories&post=1300"},{"taxonomy":"post_tag","embeddable":true,"href":"https:\/\/qa.atrapasuenos.cl\/index.php?rest_route=%2Fwp%2Fv2%2Ftags&post=1300"}],"curies":[{"name":"wp","href":"https:\/\/api.w.org\/{rel}","templated":true}]}}