{"id":1202,"date":"2018-09-17T15:56:36","date_gmt":"2018-09-17T15:56:36","guid":{"rendered":"https:\/\/www.atrapasuenos.cl\/?p=1202"},"modified":"2018-09-17T15:56:36","modified_gmt":"2018-09-17T15:56:36","slug":"programa-de-promocion-de-salud-mental-y-prevencion-del-suicidio-infanto-juvenil","status":"publish","type":"post","link":"https:\/\/qa.atrapasuenos.cl\/?p=1202","title":{"rendered":"Programa de Promoci\u00f3n de Salud Mental y Prevenci\u00f3n del Suicidio Infanto-juvenil"},"content":{"rendered":"<p>El suicidio se encuentra entre las primeras tres causas de muerte, a nivel mundial, en personas de 15 a 44 a\u00f1os; siendo la segunda causa de muerte entre los 10 y los 24 a\u00f1os. Asimismo, es posible estimar que se consuman 250.000 suicidios anualmente, en menores de 25 a\u00f1os.<a href=\"https:\/\/www.atrapasuenos.cl\/?attachment_id=1203\" rel=\"attachment wp-att-1203\"><img loading=\"lazy\" decoding=\"async\" class=\"aligncenter size-medium wp-image-1203\" src=\"http:\/\/www.atrapasuenos.cl\/wp-content\/uploads\/2018\/09\/Ay-300x133.jpg\" alt=\"\" width=\"300\" height=\"133\" srcset=\"https:\/\/qa.atrapasuenos.cl\/wp-content\/uploads\/2018\/09\/Ay-300x133.jpg 300w, https:\/\/qa.atrapasuenos.cl\/wp-content\/uploads\/2018\/09\/Ay-350x155.jpg 350w, https:\/\/qa.atrapasuenos.cl\/wp-content\/uploads\/2018\/09\/Ay-450x199.jpg 450w, https:\/\/qa.atrapasuenos.cl\/wp-content\/uploads\/2018\/09\/Ay.jpg 696w\" sizes=\"auto, (max-width: 300px) 100vw, 300px\" \/><\/a><\/p>\n<p>Por su parte, Chile se posiciona como uno de los pa\u00edses, miembros de la OCDE, con tasas m\u00e1s altas de suicidio, pasando del lugar 17 el a\u00f1o 2011 al lugar 13 el a\u00f1o 2013. A nivel nacional, mueren entre a 5 o 6 personas diarias por suicidio, representando el 2% de las muertes totales. Se espera que para el a\u00f1o 2020, la <span style=\"color: #ff6600;\">tasa de suicidio en Chile<\/span> llegue a un total de 12 personas por cada 100.000 habitantes.<\/p>\n<p>Este proyecto, a\u00fan en proceso de desarrollo, busca implementar un <span style=\"color: #ff6600;\">modelo de intervenci\u00f3n escolar<\/span> enfocado a generar l\u00edderes y precursores de la salud mental entre los estudiantes. Desde una mirada preventiva, promocionando la salud mental y el bienestar, e identificando alumnos que en la actualidad requieran de apoyo o intervenci\u00f3n especializada.<\/p>\n<p>Imagen: www.puntasconhilo.net<\/p>\n","protected":false},"excerpt":{"rendered":"<p>El suicidio se encuentra entre las primeras tres causas de muerte, a nivel mundial, en personas de 15 a 44 a\u00f1os; siendo la segunda causa de muerte entre los 10 y los 24 a\u00f1os. Asimismo, es posible estimar que se consuman 250.000 suicidios anualmente, en menores de 25 a\u00f1os. Por su parte, Chile se posiciona como uno de los pa\u00edses, [&hellip;]<\/p>\n","protected":false},"author":3,"featured_media":1205,"comment_status":"closed","ping_status":"open","sticky":false,"template":"","format":"standard","meta":{"footnotes":""},"categories":[29],"tags":[],"class_list":["post-1202","post","type-post","status-publish","format-standard","has-post-thumbnail","hentry","category-proyectos"],"yoast_head":"<!-- This site is optimized with the Yoast SEO plugin v23.4 - https:\/\/yoast.com\/wordpress\/plugins\/seo\/ -->\n<title>Programa de Promoci\u00f3n de Salud Mental y Prevenci\u00f3n del Suicidio Infanto-juvenil - Corporaci\u00f3n Atrapasue\u00f1os<\/title>\n<meta name=\"robots\" content=\"index, follow, max-snippet:-1, max-image-preview:large, max-video-preview:-1\" \/>\n<link rel=\"canonical\" href=\"https:\/\/qa.atrapasuenos.cl\/?p=1202\" \/>\n<meta property=\"og:locale\" content=\"es_ES\" \/>\n<meta property=\"og:type\" content=\"article\" \/>\n<meta property=\"og:title\" content=\"Programa de Promoci\u00f3n de Salud Mental y Prevenci\u00f3n del Suicidio Infanto-juvenil - Corporaci\u00f3n Atrapasue\u00f1os\" \/>\n<meta property=\"og:description\" content=\"El suicidio se encuentra entre las primeras tres causas de muerte, a nivel mundial, en personas de 15 a 44 a\u00f1os; siendo la segunda causa de muerte entre los 10 y los 24 a\u00f1os. Asimismo, es posible estimar que se consuman 250.000 suicidios anualmente, en menores de 25 a\u00f1os. Por su parte, Chile se posiciona como uno de los pa\u00edses, [&hellip;]\" \/>\n<meta property=\"og:url\" content=\"https:\/\/qa.atrapasuenos.cl\/?p=1202\" \/>\n<meta property=\"og:site_name\" content=\"Corporaci\u00f3n Atrapasue\u00f1os\" \/>\n<meta property=\"article:publisher\" content=\"https:\/\/www.facebook.com\/atrapasuenos.cl\" \/>\n<meta property=\"article:published_time\" content=\"2018-09-17T15:56:36+00:00\" \/>\n<meta property=\"og:image\" content=\"https:\/\/qa.atrapasuenos.cl\/wp-content\/uploads\/2018\/09\/imagen.jpg\" \/>\n\t<meta property=\"og:image:width\" content=\"967\" \/>\n\t<meta property=\"og:image:height\" content=\"583\" \/>\n\t<meta property=\"og:image:type\" content=\"image\/jpeg\" \/>\n<meta name=\"author\" content=\"Atrapasue\u00f1os\" \/>\n<meta name=\"twitter:card\" content=\"summary_large_image\" \/>\n<meta name=\"twitter:label1\" content=\"Escrito por\" \/>\n\t<meta name=\"twitter:data1\" content=\"Atrapasue\u00f1os\" \/>\n\t<meta name=\"twitter:label2\" content=\"Tiempo de lectura\" \/>\n\t<meta name=\"twitter:data2\" content=\"1 minuto\" \/>\n<script type=\"application\/ld+json\" class=\"yoast-schema-graph\">{\"@context\":\"https:\/\/schema.org\",\"@graph\":[{\"@type\":\"Article\",\"@id\":\"https:\/\/qa.atrapasuenos.cl\/?p=1202#article\",\"isPartOf\":{\"@id\":\"https:\/\/qa.atrapasuenos.cl\/?p=1202\"},\"author\":{\"name\":\"Atrapasue\u00f1os\",\"@id\":\"https:\/\/qa.atrapasuenos.cl\/#\/schema\/person\/26cd704da6e4c46b8f6cb5b8bdb48ddb\"},\"headline\":\"Programa de Promoci\u00f3n de Salud Mental y Prevenci\u00f3n del Suicidio Infanto-juvenil\",\"datePublished\":\"2018-09-17T15:56:36+00:00\",\"dateModified\":\"2018-09-17T15:56:36+00:00\",\"mainEntityOfPage\":{\"@id\":\"https:\/\/qa.atrapasuenos.cl\/?p=1202\"},\"wordCount\":191,\"publisher\":{\"@id\":\"https:\/\/qa.atrapasuenos.cl\/#organization\"},\"image\":{\"@id\":\"https:\/\/qa.atrapasuenos.cl\/?p=1202#primaryimage\"},\"thumbnailUrl\":\"https:\/\/qa.atrapasuenos.cl\/wp-content\/uploads\/2018\/09\/imagen.jpg\",\"articleSection\":[\"proyectos\"],\"inLanguage\":\"es\"},{\"@type\":\"WebPage\",\"@id\":\"https:\/\/qa.atrapasuenos.cl\/?p=1202\",\"url\":\"https:\/\/qa.atrapasuenos.cl\/?p=1202\",\"name\":\"Programa de Promoci\u00f3n de Salud Mental y Prevenci\u00f3n del Suicidio Infanto-juvenil - Corporaci\u00f3n Atrapasue\u00f1os\",\"isPartOf\":{\"@id\":\"https:\/\/qa.atrapasuenos.cl\/#website\"},\"primaryImageOfPage\":{\"@id\":\"https:\/\/qa.atrapasuenos.cl\/?p=1202#primaryimage\"},\"image\":{\"@id\":\"https:\/\/qa.atrapasuenos.cl\/?p=1202#primaryimage\"},\"thumbnailUrl\":\"https:\/\/qa.atrapasuenos.cl\/wp-content\/uploads\/2018\/09\/imagen.jpg\",\"datePublished\":\"2018-09-17T15:56:36+00:00\",\"dateModified\":\"2018-09-17T15:56:36+00:00\",\"breadcrumb\":{\"@id\":\"https:\/\/qa.atrapasuenos.cl\/?p=1202#breadcrumb\"},\"inLanguage\":\"es\",\"potentialAction\":[{\"@type\":\"ReadAction\",\"target\":[\"https:\/\/qa.atrapasuenos.cl\/?p=1202\"]}]},{\"@type\":\"ImageObject\",\"inLanguage\":\"es\",\"@id\":\"https:\/\/qa.atrapasuenos.cl\/?p=1202#primaryimage\",\"url\":\"https:\/\/qa.atrapasuenos.cl\/wp-content\/uploads\/2018\/09\/imagen.jpg\",\"contentUrl\":\"https:\/\/qa.atrapasuenos.cl\/wp-content\/uploads\/2018\/09\/imagen.jpg\",\"width\":967,\"height\":583},{\"@type\":\"BreadcrumbList\",\"@id\":\"https:\/\/qa.atrapasuenos.cl\/?p=1202#breadcrumb\",\"itemListElement\":[{\"@type\":\"ListItem\",\"position\":1,\"name\":\"Portada\",\"item\":\"https:\/\/qa.atrapasuenos.cl\/\"},{\"@type\":\"ListItem\",\"position\":2,\"name\":\"Programa de Promoci\u00f3n de Salud Mental y Prevenci\u00f3n del Suicidio Infanto-juvenil\"}]},{\"@type\":\"WebSite\",\"@id\":\"https:\/\/qa.atrapasuenos.cl\/#website\",\"url\":\"https:\/\/qa.atrapasuenos.cl\/\",\"name\":\"Corporaci\u00f3n Atrapasue\u00f1os\",\"description\":\"ILUMINA UNA VIDA, DONA SALUD MENTAL\",\"publisher\":{\"@id\":\"https:\/\/qa.atrapasuenos.cl\/#organization\"},\"potentialAction\":[{\"@type\":\"SearchAction\",\"target\":{\"@type\":\"EntryPoint\",\"urlTemplate\":\"https:\/\/qa.atrapasuenos.cl\/?s={search_term_string}\"},\"query-input\":{\"@type\":\"PropertyValueSpecification\",\"valueRequired\":true,\"valueName\":\"search_term_string\"}}],\"inLanguage\":\"es\"},{\"@type\":\"Organization\",\"@id\":\"https:\/\/qa.atrapasuenos.cl\/#organization\",\"name\":\"Corporaci\u00f3n Atrapasue\u00f1os\",\"url\":\"https:\/\/qa.atrapasuenos.cl\/\",\"logo\":{\"@type\":\"ImageObject\",\"inLanguage\":\"es\",\"@id\":\"https:\/\/qa.atrapasuenos.cl\/#\/schema\/logo\/image\/\",\"url\":\"http:\/\/www.atrapasuenos.cl\/wp-content\/uploads\/2021\/12\/GC_ATRAPASUENOS.png\",\"contentUrl\":\"http:\/\/www.atrapasuenos.cl\/wp-content\/uploads\/2021\/12\/GC_ATRAPASUENOS.png\",\"width\":300,\"height\":300,\"caption\":\"Corporaci\u00f3n Atrapasue\u00f1os\"},\"image\":{\"@id\":\"https:\/\/qa.atrapasuenos.cl\/#\/schema\/logo\/image\/\"},\"sameAs\":[\"https:\/\/www.facebook.com\/atrapasuenos.cl\",\"https:\/\/www.instagram.com\/atrapasuenos.corp\/\"]},{\"@type\":\"Person\",\"@id\":\"https:\/\/qa.atrapasuenos.cl\/#\/schema\/person\/26cd704da6e4c46b8f6cb5b8bdb48ddb\",\"name\":\"Atrapasue\u00f1os\",\"url\":\"https:\/\/qa.atrapasuenos.cl\/?author=3\"}]}<\/script>\n<!-- \/ Yoast SEO plugin. -->","yoast_head_json":{"title":"Programa de Promoci\u00f3n de Salud Mental y Prevenci\u00f3n del Suicidio Infanto-juvenil - Corporaci\u00f3n Atrapasue\u00f1os","robots":{"index":"index","follow":"follow","max-snippet":"max-snippet:-1","max-image-preview":"max-image-preview:large","max-video-preview":"max-video-preview:-1"},"canonical":"https:\/\/qa.atrapasuenos.cl\/?p=1202","og_locale":"es_ES","og_type":"article","og_title":"Programa de Promoci\u00f3n de Salud Mental y Prevenci\u00f3n del Suicidio Infanto-juvenil - Corporaci\u00f3n Atrapasue\u00f1os","og_description":"El suicidio se encuentra entre las primeras tres causas de muerte, a nivel mundial, en personas de 15 a 44 a\u00f1os; siendo la segunda causa de muerte entre los 10 y los 24 a\u00f1os. Asimismo, es posible estimar que se consuman 250.000 suicidios anualmente, en menores de 25 a\u00f1os. Por su parte, Chile se posiciona como uno de los pa\u00edses, [&hellip;]","og_url":"https:\/\/qa.atrapasuenos.cl\/?p=1202","og_site_name":"Corporaci\u00f3n Atrapasue\u00f1os","article_publisher":"https:\/\/www.facebook.com\/atrapasuenos.cl","article_published_time":"2018-09-17T15:56:36+00:00","og_image":[{"width":967,"height":583,"url":"https:\/\/qa.atrapasuenos.cl\/wp-content\/uploads\/2018\/09\/imagen.jpg","type":"image\/jpeg"}],"author":"Atrapasue\u00f1os","twitter_card":"summary_large_image","twitter_misc":{"Escrito por":"Atrapasue\u00f1os","Tiempo de lectura":"1 minuto"},"schema":{"@context":"https:\/\/schema.org","@graph":[{"@type":"Article","@id":"https:\/\/qa.atrapasuenos.cl\/?p=1202#article","isPartOf":{"@id":"https:\/\/qa.atrapasuenos.cl\/?p=1202"},"author":{"name":"Atrapasue\u00f1os","@id":"https:\/\/qa.atrapasuenos.cl\/#\/schema\/person\/26cd704da6e4c46b8f6cb5b8bdb48ddb"},"headline":"Programa de Promoci\u00f3n de Salud Mental y Prevenci\u00f3n del Suicidio Infanto-juvenil","datePublished":"2018-09-17T15:56:36+00:00","dateModified":"2018-09-17T15:56:36+00:00","mainEntityOfPage":{"@id":"https:\/\/qa.atrapasuenos.cl\/?p=1202"},"wordCount":191,"publisher":{"@id":"https:\/\/qa.atrapasuenos.cl\/#organization"},"image":{"@id":"https:\/\/qa.atrapasuenos.cl\/?p=1202#primaryimage"},"thumbnailUrl":"https:\/\/qa.atrapasuenos.cl\/wp-content\/uploads\/2018\/09\/imagen.jpg","articleSection":["proyectos"],"inLanguage":"es"},{"@type":"WebPage","@id":"https:\/\/qa.atrapasuenos.cl\/?p=1202","url":"https:\/\/qa.atrapasuenos.cl\/?p=1202","name":"Programa de Promoci\u00f3n de Salud Mental y Prevenci\u00f3n del Suicidio Infanto-juvenil - Corporaci\u00f3n Atrapasue\u00f1os","isPartOf":{"@id":"https:\/\/qa.atrapasuenos.cl\/#website"},"primaryImageOfPage":{"@id":"https:\/\/qa.atrapasuenos.cl\/?p=1202#primaryimage"},"image":{"@id":"https:\/\/qa.atrapasuenos.cl\/?p=1202#primaryimage"},"thumbnailUrl":"https:\/\/qa.atrapasuenos.cl\/wp-content\/uploads\/2018\/09\/imagen.jpg","datePublished":"2018-09-17T15:56:36+00:00","dateModified":"2018-09-17T15:56:36+00:00","breadcrumb":{"@id":"https:\/\/qa.atrapasuenos.cl\/?p=1202#breadcrumb"},"inLanguage":"es","potentialAction":[{"@type":"ReadAction","target":["https:\/\/qa.atrapasuenos.cl\/?p=1202"]}]},{"@type":"ImageObject","inLanguage":"es","@id":"https:\/\/qa.atrapasuenos.cl\/?p=1202#primaryimage","url":"https:\/\/qa.atrapasuenos.cl\/wp-content\/uploads\/2018\/09\/imagen.jpg","contentUrl":"https:\/\/qa.atrapasuenos.cl\/wp-content\/uploads\/2018\/09\/imagen.jpg","width":967,"height":583},{"@type":"BreadcrumbList","@id":"https:\/\/qa.atrapasuenos.cl\/?p=1202#breadcrumb","itemListElement":[{"@type":"ListItem","position":1,"name":"Portada","item":"https:\/\/qa.atrapasuenos.cl\/"},{"@type":"ListItem","position":2,"name":"Programa de Promoci\u00f3n de Salud Mental y Prevenci\u00f3n del Suicidio Infanto-juvenil"}]},{"@type":"WebSite","@id":"https:\/\/qa.atrapasuenos.cl\/#website","url":"https:\/\/qa.atrapasuenos.cl\/","name":"Corporaci\u00f3n Atrapasue\u00f1os","description":"ILUMINA UNA VIDA, DONA SALUD MENTAL","publisher":{"@id":"https:\/\/qa.atrapasuenos.cl\/#organization"},"potentialAction":[{"@type":"SearchAction","target":{"@type":"EntryPoint","urlTemplate":"https:\/\/qa.atrapasuenos.cl\/?s={search_term_string}"},"query-input":{"@type":"PropertyValueSpecification","valueRequired":true,"valueName":"search_term_string"}}],"inLanguage":"es"},{"@type":"Organization","@id":"https:\/\/qa.atrapasuenos.cl\/#organization","name":"Corporaci\u00f3n Atrapasue\u00f1os","url":"https:\/\/qa.atrapasuenos.cl\/","logo":{"@type":"ImageObject","inLanguage":"es","@id":"https:\/\/qa.atrapasuenos.cl\/#\/schema\/logo\/image\/","url":"http:\/\/www.atrapasuenos.cl\/wp-content\/uploads\/2021\/12\/GC_ATRAPASUENOS.png","contentUrl":"http:\/\/www.atrapasuenos.cl\/wp-content\/uploads\/2021\/12\/GC_ATRAPASUENOS.png","width":300,"height":300,"caption":"Corporaci\u00f3n Atrapasue\u00f1os"},"image":{"@id":"https:\/\/qa.atrapasuenos.cl\/#\/schema\/logo\/image\/"},"sameAs":["https:\/\/www.facebook.com\/atrapasuenos.cl","https:\/\/www.instagram.com\/atrapasuenos.corp\/"]},{"@type":"Person","@id":"https:\/\/qa.atrapasuenos.cl\/#\/schema\/person\/26cd704da6e4c46b8f6cb5b8bdb48ddb","name":"Atrapasue\u00f1os","url":"https:\/\/qa.atrapasuenos.cl\/?author=3"}]}},"_links":{"self":[{"href":"https:\/\/qa.atrapasuenos.cl\/index.php?rest_route=\/wp\/v2\/posts\/1202","targetHints":{"allow":["GET"]}}],"collection":[{"href":"https:\/\/qa.atrapasuenos.cl\/index.php?rest_route=\/wp\/v2\/posts"}],"about":[{"href":"https:\/\/qa.atrapasuenos.cl\/index.php?rest_route=\/wp\/v2\/types\/post"}],"author":[{"embeddable":true,"href":"https:\/\/qa.atrapasuenos.cl\/index.php?rest_route=\/wp\/v2\/users\/3"}],"replies":[{"embeddable":true,"href":"https:\/\/qa.atrapasuenos.cl\/index.php?rest_route=%2Fwp%2Fv2%2Fcomments&post=1202"}],"version-history":[{"count":2,"href":"https:\/\/qa.atrapasuenos.cl\/index.php?rest_route=\/wp\/v2\/posts\/1202\/revisions"}],"predecessor-version":[{"id":1206,"href":"https:\/\/qa.atrapasuenos.cl\/index.php?rest_route=\/wp\/v2\/posts\/1202\/revisions\/1206"}],"wp:featuredmedia":[{"embeddable":true,"href":"https:\/\/qa.atrapasuenos.cl\/index.php?rest_route=\/wp\/v2\/media\/1205"}],"wp:attachment":[{"href":"https:\/\/qa.atrapasuenos.cl\/index.php?rest_route=%2Fwp%2Fv2%2Fmedia&parent=1202"}],"wp:term":[{"taxonomy":"category","embeddable":true,"href":"https:\/\/qa.atrapasuenos.cl\/index.php?rest_route=%2Fwp%2Fv2%2Fcategories&post=1202"},{"taxonomy":"post_tag","embeddable":true,"href":"https:\/\/qa.atrapasuenos.cl\/index.php?rest_route=%2Fwp%2Fv2%2Ftags&post=1202"}],"curies":[{"name":"wp","href":"https:\/\/api.w.org\/{rel}","templated":true}]}}