{"id":1149,"date":"2018-05-07T13:36:29","date_gmt":"2018-05-07T13:36:29","guid":{"rendered":"https:\/\/www.atrapasuenos.cl\/?p=1149"},"modified":"2018-05-07T13:37:01","modified_gmt":"2018-05-07T13:37:01","slug":"campana-internacional-contra-el-acoso-escolar-bullying","status":"publish","type":"post","link":"https:\/\/qa.atrapasuenos.cl\/?p=1149","title":{"rendered":"Campa\u00f1a Internacional contra el Acoso Escolar (Bullying)"},"content":{"rendered":"<p><a href=\"https:\/\/www.atrapasuenos.cl\/?attachment_id=1151\" rel=\"attachment wp-att-1151\"><img loading=\"lazy\" decoding=\"async\" class=\"size-medium wp-image-1151 alignleft\" src=\"http:\/\/www.atrapasuenos.cl\/wp-content\/uploads\/2018\/05\/bullying-300x203-300x203.jpg\" alt=\"\" width=\"300\" height=\"203\" \/><\/a>Este 2 de mayo se conmemor\u00f3 el\u00a0<strong>D\u00eda Internacional contra el Bullying o Acoso Escolar<\/strong>, una delicada situaci\u00f3n que afecta cada vez a m\u00e1s ni\u00f1os y j\u00f3venes en el mundo.<\/p>\n<p>En este contexto, el psic\u00f3logo de\u00a0<strong>Centro M\u00e9dico Cetep<\/strong>, Claudio Reyes, enfatiza en la importancia de poner atenci\u00f3n en lo que est\u00e1n viviendo los ni\u00f1os y de qu\u00e9 manera se aborda la violencia escolar.<\/p>\n<p>\u201cHay una amplia gama de ni\u00f1os y adolescentes que no comunican a adultos significativos que ellos est\u00e1n sufriendo de\u00a0<strong>Bullying<\/strong>. Es casi la mitad. Probablemente hay mucho sufrimiento de Salud Mental de ni\u00f1os que no comunican lo que les est\u00e1 pasando, que no han sido visibilizados por sus redes o sus adultos significativos. Y eso es un tema, porque cuando el autoconcepto baja, especialmente cuando las otras personas dicen que no haces las cosas bien, lo que se produce es el aislamiento del mundo social. Y ah\u00ed pueden surgir un mont\u00f3n de psicopatolog\u00edas\u201d, subraya el especialista.<\/p>\n<p>El psic\u00f3logo de Centro M\u00e9dico Cetep detalla que hay ciertas se\u00f1ales que evidencian cu\u00e1ndo un ni\u00f1o est\u00e1 siendo v\u00edctima de\u00a0<strong>Bullying<\/strong>. \u201cEn la experiencia que yo he tenido en Cetep, cuando llegan ni\u00f1os que han sufrido\u00a0<strong>Bullying<\/strong>, lo que uno puede ver es la p\u00e9rdida de la espontaneidad\u2026 Cuando uno ve un ni\u00f1o que no est\u00e1 siendo muy espontaneo, no est\u00e1 viviendo placer en las preguntas l\u00fadicas o en su grupo de pares no est\u00e1 acorde al placer del jugar. Ah\u00ed se tiene que poner ojo. En el sentido de que un ni\u00f1o que pierde la espontaneidad es un ni\u00f1o al que le est\u00e1 pasando algo\u201d.<\/p>\n<p>El especialista agrega que \u201ccuando un ni\u00f1o llega y le est\u00e1 pasando algo, el ni\u00f1o o no habla, se inhibe, no juega, no pregunta. Es un ni\u00f1o muy aislado. Es un ni\u00f1o con mucho temor social, de que el otro lo pueda juzgar\u201d.<\/p>\n<p>Pero esta es s\u00f3lo una de las pautas de comportamiento que pueden estar asociadas al\u00a0<strong>Bullying<\/strong>. Los ni\u00f1os pueden desarrollar estos rasgos de tipo inhibitorio, ya descritos por Reyes; o pueden asumir rasgos de car\u00e1cter activo.<\/p>\n<p>\u201cHay rasgos que son muy activos, especialmente los que tienen que ver con frustraci\u00f3n o agresividad. Un ni\u00f1o o un adolescente, al que ha determinada edad se le puede hablar las cosas, que puede autorregular las conductas, en situaciones de\u00a0<strong>Bullying<\/strong>, puede que efectivamente reaccione de una forma muy agresiva, rompiendo cosas, diciendo palabras muy agresivas, como formas de expresi\u00f3n\u201d, relata al respecto el especialista.<\/p>\n<h2>BULLYNG EN CHILE<\/h2>\n<p>El estudio \u201cBullying en establecimientos educacionales\u201d, del Injuv, realiz\u00f3 un sondeo que reuni\u00f3 1.011 casos de estudiantes de todas las regiones del pa\u00eds y de distintos niveles socioecon\u00f3micos.<\/p>\n<ul>\n<li>61% de los j\u00f3venes reconoci\u00f3 haber sido v\u00edctima de matonaje escolar en sus colegios o institutos<\/li>\n<li>84% de los j\u00f3venes ha sido testigo de bullying en su lugar de estudio<\/li>\n<li>83% opina que una persona le hace bullying a otra con el fin de sentirse superior. El 79%, en tanto, considera que los amigos incentivan el bullying sobre otros<\/li>\n<li>42% asever\u00f3 que logr\u00f3 salir adelante y un 7% que el da\u00f1o ha impedido su desarrollo personal<\/li>\n<li>47% de los j\u00f3venes que ha sufrido bullying, no ha denunciado estos hechos.<\/li>\n<\/ul>\n<p>Cr\u00e9dito imagen:\u00a0<a href=\"https:\/\/www.huffingtonpost.es\/alfonso-ramirez-de-arellano\/bulying_b_11867118.html\">Huffington Post<\/a><\/p>\n","protected":false},"excerpt":{"rendered":"<p>Este 2 de mayo se conmemor\u00f3 el\u00a0D\u00eda Internacional contra el Bullying o Acoso Escolar, una delicada situaci\u00f3n que afecta cada vez a m\u00e1s ni\u00f1os y j\u00f3venes en el mundo. En este contexto, el psic\u00f3logo de\u00a0Centro M\u00e9dico Cetep, Claudio Reyes, enfatiza en la importancia de poner atenci\u00f3n en lo que est\u00e1n viviendo los ni\u00f1os y de qu\u00e9 manera se aborda la [&hellip;]<\/p>\n","protected":false},"author":3,"featured_media":0,"comment_status":"closed","ping_status":"open","sticky":false,"template":"","format":"standard","meta":{"footnotes":""},"categories":[6],"tags":[30,31,32],"class_list":["post-1149","post","type-post","status-publish","format-standard","hentry","category-noticias","tag-bullying","tag-psicologia","tag-psicoterapia"],"yoast_head":"<!-- This site is optimized with the Yoast SEO plugin v23.4 - https:\/\/yoast.com\/wordpress\/plugins\/seo\/ -->\n<title>Campa\u00f1a Internacional contra el Acoso Escolar (Bullying) - Corporaci\u00f3n Atrapasue\u00f1os<\/title>\n<meta name=\"robots\" content=\"index, follow, max-snippet:-1, max-image-preview:large, max-video-preview:-1\" \/>\n<link rel=\"canonical\" href=\"https:\/\/qa.atrapasuenos.cl\/?p=1149\" \/>\n<meta property=\"og:locale\" content=\"es_ES\" \/>\n<meta property=\"og:type\" content=\"article\" \/>\n<meta property=\"og:title\" content=\"Campa\u00f1a Internacional contra el Acoso Escolar (Bullying) - Corporaci\u00f3n Atrapasue\u00f1os\" \/>\n<meta property=\"og:description\" content=\"Este 2 de mayo se conmemor\u00f3 el\u00a0D\u00eda Internacional contra el Bullying o Acoso Escolar, una delicada situaci\u00f3n que afecta cada vez a m\u00e1s ni\u00f1os y j\u00f3venes en el mundo. En este contexto, el psic\u00f3logo de\u00a0Centro M\u00e9dico Cetep, Claudio Reyes, enfatiza en la importancia de poner atenci\u00f3n en lo que est\u00e1n viviendo los ni\u00f1os y de qu\u00e9 manera se aborda la [&hellip;]\" \/>\n<meta property=\"og:url\" content=\"https:\/\/qa.atrapasuenos.cl\/?p=1149\" \/>\n<meta property=\"og:site_name\" content=\"Corporaci\u00f3n Atrapasue\u00f1os\" \/>\n<meta property=\"article:publisher\" content=\"https:\/\/www.facebook.com\/atrapasuenos.cl\" \/>\n<meta property=\"article:published_time\" content=\"2018-05-07T13:36:29+00:00\" \/>\n<meta property=\"article:modified_time\" content=\"2018-05-07T13:37:01+00:00\" \/>\n<meta property=\"og:image\" content=\"http:\/\/www.atrapasuenos.cl\/wp-content\/uploads\/2018\/05\/bullying-300x203-300x203.jpg\" \/>\n<meta name=\"author\" content=\"Atrapasue\u00f1os\" \/>\n<meta name=\"twitter:card\" content=\"summary_large_image\" \/>\n<meta name=\"twitter:label1\" content=\"Escrito por\" \/>\n\t<meta name=\"twitter:data1\" content=\"Atrapasue\u00f1os\" \/>\n\t<meta name=\"twitter:label2\" content=\"Tiempo de lectura\" \/>\n\t<meta name=\"twitter:data2\" content=\"3 minutos\" \/>\n<script type=\"application\/ld+json\" class=\"yoast-schema-graph\">{\"@context\":\"https:\/\/schema.org\",\"@graph\":[{\"@type\":\"Article\",\"@id\":\"https:\/\/qa.atrapasuenos.cl\/?p=1149#article\",\"isPartOf\":{\"@id\":\"https:\/\/qa.atrapasuenos.cl\/?p=1149\"},\"author\":{\"name\":\"Atrapasue\u00f1os\",\"@id\":\"https:\/\/qa.atrapasuenos.cl\/#\/schema\/person\/26cd704da6e4c46b8f6cb5b8bdb48ddb\"},\"headline\":\"Campa\u00f1a Internacional contra el Acoso Escolar (Bullying)\",\"datePublished\":\"2018-05-07T13:36:29+00:00\",\"dateModified\":\"2018-05-07T13:37:01+00:00\",\"mainEntityOfPage\":{\"@id\":\"https:\/\/qa.atrapasuenos.cl\/?p=1149\"},\"wordCount\":578,\"publisher\":{\"@id\":\"https:\/\/qa.atrapasuenos.cl\/#organization\"},\"image\":{\"@id\":\"https:\/\/qa.atrapasuenos.cl\/?p=1149#primaryimage\"},\"thumbnailUrl\":\"http:\/\/www.atrapasuenos.cl\/wp-content\/uploads\/2018\/05\/bullying-300x203-300x203.jpg\",\"keywords\":[\"bullying\",\"psicolog\u00eda\",\"psicoterapia\"],\"articleSection\":[\"NOTICIAS\"],\"inLanguage\":\"es\"},{\"@type\":\"WebPage\",\"@id\":\"https:\/\/qa.atrapasuenos.cl\/?p=1149\",\"url\":\"https:\/\/qa.atrapasuenos.cl\/?p=1149\",\"name\":\"Campa\u00f1a Internacional contra el Acoso Escolar (Bullying) - Corporaci\u00f3n Atrapasue\u00f1os\",\"isPartOf\":{\"@id\":\"https:\/\/qa.atrapasuenos.cl\/#website\"},\"primaryImageOfPage\":{\"@id\":\"https:\/\/qa.atrapasuenos.cl\/?p=1149#primaryimage\"},\"image\":{\"@id\":\"https:\/\/qa.atrapasuenos.cl\/?p=1149#primaryimage\"},\"thumbnailUrl\":\"http:\/\/www.atrapasuenos.cl\/wp-content\/uploads\/2018\/05\/bullying-300x203-300x203.jpg\",\"datePublished\":\"2018-05-07T13:36:29+00:00\",\"dateModified\":\"2018-05-07T13:37:01+00:00\",\"breadcrumb\":{\"@id\":\"https:\/\/qa.atrapasuenos.cl\/?p=1149#breadcrumb\"},\"inLanguage\":\"es\",\"potentialAction\":[{\"@type\":\"ReadAction\",\"target\":[\"https:\/\/qa.atrapasuenos.cl\/?p=1149\"]}]},{\"@type\":\"ImageObject\",\"inLanguage\":\"es\",\"@id\":\"https:\/\/qa.atrapasuenos.cl\/?p=1149#primaryimage\",\"url\":\"http:\/\/www.atrapasuenos.cl\/wp-content\/uploads\/2018\/05\/bullying-300x203-300x203.jpg\",\"contentUrl\":\"http:\/\/www.atrapasuenos.cl\/wp-content\/uploads\/2018\/05\/bullying-300x203-300x203.jpg\"},{\"@type\":\"BreadcrumbList\",\"@id\":\"https:\/\/qa.atrapasuenos.cl\/?p=1149#breadcrumb\",\"itemListElement\":[{\"@type\":\"ListItem\",\"position\":1,\"name\":\"Portada\",\"item\":\"https:\/\/qa.atrapasuenos.cl\/\"},{\"@type\":\"ListItem\",\"position\":2,\"name\":\"Campa\u00f1a Internacional contra el Acoso Escolar (Bullying)\"}]},{\"@type\":\"WebSite\",\"@id\":\"https:\/\/qa.atrapasuenos.cl\/#website\",\"url\":\"https:\/\/qa.atrapasuenos.cl\/\",\"name\":\"Corporaci\u00f3n Atrapasue\u00f1os\",\"description\":\"ILUMINA UNA VIDA, DONA SALUD MENTAL\",\"publisher\":{\"@id\":\"https:\/\/qa.atrapasuenos.cl\/#organization\"},\"potentialAction\":[{\"@type\":\"SearchAction\",\"target\":{\"@type\":\"EntryPoint\",\"urlTemplate\":\"https:\/\/qa.atrapasuenos.cl\/?s={search_term_string}\"},\"query-input\":{\"@type\":\"PropertyValueSpecification\",\"valueRequired\":true,\"valueName\":\"search_term_string\"}}],\"inLanguage\":\"es\"},{\"@type\":\"Organization\",\"@id\":\"https:\/\/qa.atrapasuenos.cl\/#organization\",\"name\":\"Corporaci\u00f3n Atrapasue\u00f1os\",\"url\":\"https:\/\/qa.atrapasuenos.cl\/\",\"logo\":{\"@type\":\"ImageObject\",\"inLanguage\":\"es\",\"@id\":\"https:\/\/qa.atrapasuenos.cl\/#\/schema\/logo\/image\/\",\"url\":\"http:\/\/www.atrapasuenos.cl\/wp-content\/uploads\/2021\/12\/GC_ATRAPASUENOS.png\",\"contentUrl\":\"http:\/\/www.atrapasuenos.cl\/wp-content\/uploads\/2021\/12\/GC_ATRAPASUENOS.png\",\"width\":300,\"height\":300,\"caption\":\"Corporaci\u00f3n Atrapasue\u00f1os\"},\"image\":{\"@id\":\"https:\/\/qa.atrapasuenos.cl\/#\/schema\/logo\/image\/\"},\"sameAs\":[\"https:\/\/www.facebook.com\/atrapasuenos.cl\",\"https:\/\/www.instagram.com\/atrapasuenos.corp\/\"]},{\"@type\":\"Person\",\"@id\":\"https:\/\/qa.atrapasuenos.cl\/#\/schema\/person\/26cd704da6e4c46b8f6cb5b8bdb48ddb\",\"name\":\"Atrapasue\u00f1os\",\"url\":\"https:\/\/qa.atrapasuenos.cl\/?author=3\"}]}<\/script>\n<!-- \/ Yoast SEO plugin. -->","yoast_head_json":{"title":"Campa\u00f1a Internacional contra el Acoso Escolar (Bullying) - Corporaci\u00f3n Atrapasue\u00f1os","robots":{"index":"index","follow":"follow","max-snippet":"max-snippet:-1","max-image-preview":"max-image-preview:large","max-video-preview":"max-video-preview:-1"},"canonical":"https:\/\/qa.atrapasuenos.cl\/?p=1149","og_locale":"es_ES","og_type":"article","og_title":"Campa\u00f1a Internacional contra el Acoso Escolar (Bullying) - Corporaci\u00f3n Atrapasue\u00f1os","og_description":"Este 2 de mayo se conmemor\u00f3 el\u00a0D\u00eda Internacional contra el Bullying o Acoso Escolar, una delicada situaci\u00f3n que afecta cada vez a m\u00e1s ni\u00f1os y j\u00f3venes en el mundo. En este contexto, el psic\u00f3logo de\u00a0Centro M\u00e9dico Cetep, Claudio Reyes, enfatiza en la importancia de poner atenci\u00f3n en lo que est\u00e1n viviendo los ni\u00f1os y de qu\u00e9 manera se aborda la [&hellip;]","og_url":"https:\/\/qa.atrapasuenos.cl\/?p=1149","og_site_name":"Corporaci\u00f3n Atrapasue\u00f1os","article_publisher":"https:\/\/www.facebook.com\/atrapasuenos.cl","article_published_time":"2018-05-07T13:36:29+00:00","article_modified_time":"2018-05-07T13:37:01+00:00","og_image":[{"url":"http:\/\/www.atrapasuenos.cl\/wp-content\/uploads\/2018\/05\/bullying-300x203-300x203.jpg"}],"author":"Atrapasue\u00f1os","twitter_card":"summary_large_image","twitter_misc":{"Escrito por":"Atrapasue\u00f1os","Tiempo de lectura":"3 minutos"},"schema":{"@context":"https:\/\/schema.org","@graph":[{"@type":"Article","@id":"https:\/\/qa.atrapasuenos.cl\/?p=1149#article","isPartOf":{"@id":"https:\/\/qa.atrapasuenos.cl\/?p=1149"},"author":{"name":"Atrapasue\u00f1os","@id":"https:\/\/qa.atrapasuenos.cl\/#\/schema\/person\/26cd704da6e4c46b8f6cb5b8bdb48ddb"},"headline":"Campa\u00f1a Internacional contra el Acoso Escolar (Bullying)","datePublished":"2018-05-07T13:36:29+00:00","dateModified":"2018-05-07T13:37:01+00:00","mainEntityOfPage":{"@id":"https:\/\/qa.atrapasuenos.cl\/?p=1149"},"wordCount":578,"publisher":{"@id":"https:\/\/qa.atrapasuenos.cl\/#organization"},"image":{"@id":"https:\/\/qa.atrapasuenos.cl\/?p=1149#primaryimage"},"thumbnailUrl":"http:\/\/www.atrapasuenos.cl\/wp-content\/uploads\/2018\/05\/bullying-300x203-300x203.jpg","keywords":["bullying","psicolog\u00eda","psicoterapia"],"articleSection":["NOTICIAS"],"inLanguage":"es"},{"@type":"WebPage","@id":"https:\/\/qa.atrapasuenos.cl\/?p=1149","url":"https:\/\/qa.atrapasuenos.cl\/?p=1149","name":"Campa\u00f1a Internacional contra el Acoso Escolar (Bullying) - Corporaci\u00f3n Atrapasue\u00f1os","isPartOf":{"@id":"https:\/\/qa.atrapasuenos.cl\/#website"},"primaryImageOfPage":{"@id":"https:\/\/qa.atrapasuenos.cl\/?p=1149#primaryimage"},"image":{"@id":"https:\/\/qa.atrapasuenos.cl\/?p=1149#primaryimage"},"thumbnailUrl":"http:\/\/www.atrapasuenos.cl\/wp-content\/uploads\/2018\/05\/bullying-300x203-300x203.jpg","datePublished":"2018-05-07T13:36:29+00:00","dateModified":"2018-05-07T13:37:01+00:00","breadcrumb":{"@id":"https:\/\/qa.atrapasuenos.cl\/?p=1149#breadcrumb"},"inLanguage":"es","potentialAction":[{"@type":"ReadAction","target":["https:\/\/qa.atrapasuenos.cl\/?p=1149"]}]},{"@type":"ImageObject","inLanguage":"es","@id":"https:\/\/qa.atrapasuenos.cl\/?p=1149#primaryimage","url":"http:\/\/www.atrapasuenos.cl\/wp-content\/uploads\/2018\/05\/bullying-300x203-300x203.jpg","contentUrl":"http:\/\/www.atrapasuenos.cl\/wp-content\/uploads\/2018\/05\/bullying-300x203-300x203.jpg"},{"@type":"BreadcrumbList","@id":"https:\/\/qa.atrapasuenos.cl\/?p=1149#breadcrumb","itemListElement":[{"@type":"ListItem","position":1,"name":"Portada","item":"https:\/\/qa.atrapasuenos.cl\/"},{"@type":"ListItem","position":2,"name":"Campa\u00f1a Internacional contra el Acoso Escolar (Bullying)"}]},{"@type":"WebSite","@id":"https:\/\/qa.atrapasuenos.cl\/#website","url":"https:\/\/qa.atrapasuenos.cl\/","name":"Corporaci\u00f3n Atrapasue\u00f1os","description":"ILUMINA UNA VIDA, DONA SALUD MENTAL","publisher":{"@id":"https:\/\/qa.atrapasuenos.cl\/#organization"},"potentialAction":[{"@type":"SearchAction","target":{"@type":"EntryPoint","urlTemplate":"https:\/\/qa.atrapasuenos.cl\/?s={search_term_string}"},"query-input":{"@type":"PropertyValueSpecification","valueRequired":true,"valueName":"search_term_string"}}],"inLanguage":"es"},{"@type":"Organization","@id":"https:\/\/qa.atrapasuenos.cl\/#organization","name":"Corporaci\u00f3n Atrapasue\u00f1os","url":"https:\/\/qa.atrapasuenos.cl\/","logo":{"@type":"ImageObject","inLanguage":"es","@id":"https:\/\/qa.atrapasuenos.cl\/#\/schema\/logo\/image\/","url":"http:\/\/www.atrapasuenos.cl\/wp-content\/uploads\/2021\/12\/GC_ATRAPASUENOS.png","contentUrl":"http:\/\/www.atrapasuenos.cl\/wp-content\/uploads\/2021\/12\/GC_ATRAPASUENOS.png","width":300,"height":300,"caption":"Corporaci\u00f3n Atrapasue\u00f1os"},"image":{"@id":"https:\/\/qa.atrapasuenos.cl\/#\/schema\/logo\/image\/"},"sameAs":["https:\/\/www.facebook.com\/atrapasuenos.cl","https:\/\/www.instagram.com\/atrapasuenos.corp\/"]},{"@type":"Person","@id":"https:\/\/qa.atrapasuenos.cl\/#\/schema\/person\/26cd704da6e4c46b8f6cb5b8bdb48ddb","name":"Atrapasue\u00f1os","url":"https:\/\/qa.atrapasuenos.cl\/?author=3"}]}},"_links":{"self":[{"href":"https:\/\/qa.atrapasuenos.cl\/index.php?rest_route=\/wp\/v2\/posts\/1149","targetHints":{"allow":["GET"]}}],"collection":[{"href":"https:\/\/qa.atrapasuenos.cl\/index.php?rest_route=\/wp\/v2\/posts"}],"about":[{"href":"https:\/\/qa.atrapasuenos.cl\/index.php?rest_route=\/wp\/v2\/types\/post"}],"author":[{"embeddable":true,"href":"https:\/\/qa.atrapasuenos.cl\/index.php?rest_route=\/wp\/v2\/users\/3"}],"replies":[{"embeddable":true,"href":"https:\/\/qa.atrapasuenos.cl\/index.php?rest_route=%2Fwp%2Fv2%2Fcomments&post=1149"}],"version-history":[{"count":2,"href":"https:\/\/qa.atrapasuenos.cl\/index.php?rest_route=\/wp\/v2\/posts\/1149\/revisions"}],"predecessor-version":[{"id":1152,"href":"https:\/\/qa.atrapasuenos.cl\/index.php?rest_route=\/wp\/v2\/posts\/1149\/revisions\/1152"}],"wp:attachment":[{"href":"https:\/\/qa.atrapasuenos.cl\/index.php?rest_route=%2Fwp%2Fv2%2Fmedia&parent=1149"}],"wp:term":[{"taxonomy":"category","embeddable":true,"href":"https:\/\/qa.atrapasuenos.cl\/index.php?rest_route=%2Fwp%2Fv2%2Fcategories&post=1149"},{"taxonomy":"post_tag","embeddable":true,"href":"https:\/\/qa.atrapasuenos.cl\/index.php?rest_route=%2Fwp%2Fv2%2Ftags&post=1149"}],"curies":[{"name":"wp","href":"https:\/\/api.w.org\/{rel}","templated":true}]}}